{"id":10356,"date":"2015-09-09T12:53:48","date_gmt":"2015-09-09T12:53:48","guid":{"rendered":"http:\/\/www.ecuadoraldia.com.ec\/?p=10356"},"modified":"2015-09-09T12:53:48","modified_gmt":"2015-09-09T12:53:48","slug":"asi-serian-repartidos-120-000-refugiados-en-la-union-europea","status":"publish","type":"post","link":"https:\/\/www.ecuadoraldia.com.ec\/?p=10356","title":{"rendered":"As\u00ed ser\u00edan repartidos 120.000 refugiados en la Uni\u00f3n Europea"},"content":{"rendered":"<p style=\"text-align: justify;\"><a href=\"http:\/\/www.ecuadoraldia.com.ec\/wp-content\/uploads\/2015\/09\/09-09-15-migrantes1_.jpg\"><img loading=\"lazy\" decoding=\"async\" class=\"alignleft size-medium wp-image-10357\" src=\"http:\/\/www.ecuadoraldia.com.ec\/wp-content\/uploads\/2015\/09\/09-09-15-migrantes1_-300x207.jpg\" alt=\"09-09-15-migrantes1_\" width=\"300\" height=\"207\" srcset=\"https:\/\/www.ecuadoraldia.com.ec\/wp-content\/uploads\/2015\/09\/09-09-15-migrantes1_-300x207.jpg 300w, https:\/\/www.ecuadoraldia.com.ec\/wp-content\/uploads\/2015\/09\/09-09-15-migrantes1_.jpg 314w\" sizes=\"(max-width: 300px) 100vw, 300px\" \/><\/a>Agencia AFP. Alemania, Francia y Espa\u00f1a ser\u00edan los 3 pa\u00edses m\u00e1s solicitados para que ofrezcan plazas a unos 120.000 solicitantes de asilo que se encuentran en Italia (15.600), Grecia (50.400) o Hungr\u00eda (54.000), como lo pide la Comisi\u00f3n Europea.<\/p>\n<p style=\"text-align: justify;\">El reparto por pa\u00eds se hace ponderando la poblaci\u00f3n del pa\u00eds, el PIB total, la tasa desempleo y la cantidad de solicitudes de asilo de los \u00faltimos cuatro a\u00f1os, seg\u00fan el documento publicado por la Comisi\u00f3n Europea este mi\u00e9rcoles.<\/p>\n<p style=\"text-align: justify;\">El reparto propuesto por la Comisi\u00f3n es el siguiente:<\/p>\n<p style=\"text-align: justify;\">Alemania 31.443<br \/>\nAustria 3.640<br \/>\nB\u00e9lgica 4.564<br \/>\nBulgaria 1.600<br \/>\nChipre 274<br \/>\nCroacia 1.064<br \/>\nEslovaquia 1.502<br \/>\nEslovenia 631<br \/>\nEspa\u00f1a 14.931<br \/>\nEstonia 373<br \/>\nFinlandia 2.398<br \/>\nFrancia 24.031<br \/>\nLetonia 526<br \/>\nLituania 780<br \/>\nLuxemburgo 440<br \/>\nMalta 133<br \/>\nHolanda 7.214<br \/>\nPolonia 9.287<br \/>\nPortugal 3.074<br \/>\nRep\u00fablica Checa 2.978<br \/>\nRumania 4.646<br \/>\nSuecia 4.469<br \/>\nTOTAL 120.000<\/p>\n<p style=\"text-align: justify;\">Gran Breta\u00f1a, Irlanda y Dinamarca no figuran en esta lista debido a la opci\u00f3n que les permite no participar en esta pol\u00edtica comunitaria. (I) AFP<\/p>\n","protected":false},"excerpt":{"rendered":"<p>Agencia AFP. Alemania, Francia y Espa\u00f1a ser\u00edan los 3 pa\u00edses m\u00e1s solicitados para que ofrezcan plazas a unos 120.000 solicitantes<\/p>\n","protected":false},"author":1,"featured_media":0,"comment_status":"open","ping_status":"open","sticky":false,"template":"","format":"standard","meta":{"footnotes":""},"categories":[7],"tags":[],"_links":{"self":[{"href":"https:\/\/www.ecuadoraldia.com.ec\/index.php?rest_route=\/wp\/v2\/posts\/10356"}],"collection":[{"href":"https:\/\/www.ecuadoraldia.com.ec\/index.php?rest_route=\/wp\/v2\/posts"}],"about":[{"href":"https:\/\/www.ecuadoraldia.com.ec\/index.php?rest_route=\/wp\/v2\/types\/post"}],"author":[{"embeddable":true,"href":"https:\/\/www.ecuadoraldia.com.ec\/index.php?rest_route=\/wp\/v2\/users\/1"}],"replies":[{"embeddable":true,"href":"https:\/\/www.ecuadoraldia.com.ec\/index.php?rest_route=%2Fwp%2Fv2%2Fcomments&post=10356"}],"version-history":[{"count":1,"href":"https:\/\/www.ecuadoraldia.com.ec\/index.php?rest_route=\/wp\/v2\/posts\/10356\/revisions"}],"predecessor-version":[{"id":10358,"href":"https:\/\/www.ecuadoraldia.com.ec\/index.php?rest_route=\/wp\/v2\/posts\/10356\/revisions\/10358"}],"wp:attachment":[{"href":"https:\/\/www.ecuadoraldia.com.ec\/index.php?rest_route=%2Fwp%2Fv2%2Fmedia&parent=10356"}],"wp:term":[{"taxonomy":"category","embeddable":true,"href":"https:\/\/www.ecuadoraldia.com.ec\/index.php?rest_route=%2Fwp%2Fv2%2Fcategories&post=10356"},{"taxonomy":"post_tag","embeddable":true,"href":"https:\/\/www.ecuadoraldia.com.ec\/index.php?rest_route=%2Fwp%2Fv2%2Ftags&post=10356"}],"curies":[{"name":"wp","href":"https:\/\/api.w.org\/{rel}","templated":true}]}}