{"id":10363,"date":"2015-09-09T12:57:15","date_gmt":"2015-09-09T12:57:15","guid":{"rendered":"http:\/\/www.ecuadoraldia.com.ec\/?p=10363"},"modified":"2015-09-09T12:57:15","modified_gmt":"2015-09-09T12:57:15","slug":"optimizacion-del-estado-no-se-tratara-este-ano-anuncia-presidente-correa","status":"publish","type":"post","link":"https:\/\/www.ecuadoraldia.com.ec\/?p=10363","title":{"rendered":"Optimizaci\u00f3n del Estado no se tratar\u00e1 este a\u00f1o, anuncia presidente Correa"},"content":{"rendered":"<p style=\"text-align: justify;\"><a href=\"http:\/\/www.ecuadoraldia.com.ec\/wp-content\/uploads\/2015\/09\/PLANOPTIMIZACION_1.jpg\"><img loading=\"lazy\" decoding=\"async\" class=\"alignleft size-full wp-image-10364\" src=\"http:\/\/www.ecuadoraldia.com.ec\/wp-content\/uploads\/2015\/09\/PLANOPTIMIZACION_1.jpg\" alt=\"PLANOPTIMIZACION_\" width=\"277\" height=\"155\" \/><\/a>El presidente de la Rep\u00fablica, Rafael Correa, anunci\u00f3 que ha suspendido hasta el 2016 cualquier discusi\u00f3n respecto a un plan de optimizaci\u00f3n del Estado, con el fin de evitar especulaciones y desinformaci\u00f3n por parte de ciertos sectores.<\/p>\n<p style=\"text-align: justify;\">\u00abTodo lo aprovechan en base a la politiquer\u00eda, cuando dijimos vamos a optimizar el Estado ya le fueron a decir a los servidores p\u00fablicos que los vamos a despedir. Por eso ni siquiera he recibido el reporte, he suspendido cualquier discusi\u00f3n para el pr\u00f3ximo a\u00f1o, para que nadie tenga el menor temor y no caiga en esas trampas\u00bb, sostuvo el Mandatario este martes en un conversatorio con medios de comunicaci\u00f3n en Guayaquil.<\/p>\n<p style=\"text-align: justify;\">\u00abSer\u00edamos unos irresponsables si no buscamos un Estado \u00f3ptimo, y eso es lo hemos hecho permanentemente\u00bb, sostuvo Correa.<\/p>\n<p style=\"text-align: justify;\">Recalc\u00f3 que a nivel de eficiencia el Estado ecuatoriano \u00abha mejorado much\u00edsimo\u00bb. De all\u00ed que mencion\u00f3 el informe elaborado por el Banco Interamericano de Desarrollo (BID), en el que Ecuador ocupa el sexto lugar en eficiencia del servicio p\u00fablico a nivel regional.<\/p>\n<p style=\"text-align: justify;\">Lea tambi\u00e9n: Ecuador sube 20 puntos en calidad de servicio p\u00fablico<\/p>\n<p style=\"text-align: justify;\">El Jefe de Estado tambi\u00e9n dijo que en estos 8 a\u00f1os y medio de Gobierno se han eliminado cerca de 100 instituciones, y se han creado otras que son necesarias. \u00abPero se han eliminado mucho m\u00e1s de las que se han creado\u00bb, apunt\u00f3.<\/p>\n<p style=\"text-align: justify;\">Presupuesto se maneja con un precio del barril de petr\u00f3leo de $ 40<\/p>\n<p style=\"text-align: justify;\">En el conversatorio, el Presidente se\u00f1al\u00f3 que el Presupuesto General del Estado contempla un precio de barril de petr\u00f3leo de $ 40, debido a que ese es el promedio en lo que se lo ha vendido en el transcurso de este a\u00f1o. No obstante, esta referencia podr\u00eda ajustarse dependiendo de las condiciones del mercado en los pr\u00f3ximos meses. El crudo WTI cerr\u00f3 hoy a $ 45,94.<\/p>\n<p style=\"text-align: justify;\">Por otro lado, el Mandatario reiter\u00f3 la necesidad de que la ciudadan\u00eda deje de trasladarse a Ipiales (Colombia) a realizar compras y que opten por colaborar con el comercio local, seriamente afectado por la reducci\u00f3n de ventas, sobre todo en la provincia de Carchi.<\/p>\n<p style=\"text-align: justify;\">Correa record\u00f3 que esta zona fue declarada como deprimida y que se espera que las medidas tomadas, entre ellas la exoneraci\u00f3n del anticipo al Impuesto a la Renta (IR), as\u00ed como la prioridad que se les ha dado a los comercios de la provincia en compras p\u00fablicas, empiecen a dar resultados. \u00abHacemos todo lo posible, pero la situaci\u00f3n es muy dif\u00edcil\u00bb, apunt\u00f3.<\/p>\n<p style=\"text-align: justify;\">Una vez m\u00e1s se refiri\u00f3 al tema compar\u00e1ndolo con una batalla sin municiones, en referencia a la devaluaci\u00f3n del 60% del peso colombiano, lo que encarece en igual porcentaje los productos de venta en Ecuador.<\/p>\n<p style=\"text-align: justify;\">\u00abNosotros no eludimos responsabilidades, pero el Consep es el ente encargado del tema y est\u00e1 actualmente en manosde la Procuradur\u00eda\u00bb, se\u00f1al\u00f3. (I). El tel\u00e9grafo<\/p>\n","protected":false},"excerpt":{"rendered":"<p>El presidente de la Rep\u00fablica, Rafael Correa, anunci\u00f3 que ha suspendido hasta el 2016 cualquier discusi\u00f3n respecto a un plan<\/p>\n","protected":false},"author":1,"featured_media":0,"comment_status":"open","ping_status":"open","sticky":false,"template":"","format":"standard","meta":{"footnotes":""},"categories":[1],"tags":[],"_links":{"self":[{"href":"https:\/\/www.ecuadoraldia.com.ec\/index.php?rest_route=\/wp\/v2\/posts\/10363"}],"collection":[{"href":"https:\/\/www.ecuadoraldia.com.ec\/index.php?rest_route=\/wp\/v2\/posts"}],"about":[{"href":"https:\/\/www.ecuadoraldia.com.ec\/index.php?rest_route=\/wp\/v2\/types\/post"}],"author":[{"embeddable":true,"href":"https:\/\/www.ecuadoraldia.com.ec\/index.php?rest_route=\/wp\/v2\/users\/1"}],"replies":[{"embeddable":true,"href":"https:\/\/www.ecuadoraldia.com.ec\/index.php?rest_route=%2Fwp%2Fv2%2Fcomments&post=10363"}],"version-history":[{"count":1,"href":"https:\/\/www.ecuadoraldia.com.ec\/index.php?rest_route=\/wp\/v2\/posts\/10363\/revisions"}],"predecessor-version":[{"id":10365,"href":"https:\/\/www.ecuadoraldia.com.ec\/index.php?rest_route=\/wp\/v2\/posts\/10363\/revisions\/10365"}],"wp:attachment":[{"href":"https:\/\/www.ecuadoraldia.com.ec\/index.php?rest_route=%2Fwp%2Fv2%2Fmedia&parent=10363"}],"wp:term":[{"taxonomy":"category","embeddable":true,"href":"https:\/\/www.ecuadoraldia.com.ec\/index.php?rest_route=%2Fwp%2Fv2%2Fcategories&post=10363"},{"taxonomy":"post_tag","embeddable":true,"href":"https:\/\/www.ecuadoraldia.com.ec\/index.php?rest_route=%2Fwp%2Fv2%2Ftags&post=10363"}],"curies":[{"name":"wp","href":"https:\/\/api.w.org\/{rel}","templated":true}]}}