{"id":10366,"date":"2015-09-09T13:01:36","date_gmt":"2015-09-09T13:01:36","guid":{"rendered":"http:\/\/www.ecuadoraldia.com.ec\/?p=10366"},"modified":"2015-09-09T13:01:36","modified_gmt":"2015-09-09T13:01:36","slug":"concierto-1x1-en-quito-sera-el-19-de-septiembre","status":"publish","type":"post","link":"https:\/\/www.ecuadoraldia.com.ec\/?p=10366","title":{"rendered":"Concierto 1&#215;1 en Quito ser\u00e1 el 19 de septiembre"},"content":{"rendered":"<p style=\"text-align: justify;\"><a href=\"http:\/\/www.ecuadoraldia.com.ec\/wp-content\/uploads\/2015\/09\/1x1_Quito.jpg\"><img loading=\"lazy\" decoding=\"async\" class=\"alignleft size-full wp-image-10367\" src=\"http:\/\/www.ecuadoraldia.com.ec\/wp-content\/uploads\/2015\/09\/1x1_Quito.jpg\" alt=\"_1x1_Quito\" width=\"283\" height=\"200\" \/><\/a>M\u00e1s de 50 artistas participar\u00e1n el s\u00e1bado 19 de septiembre en el Concierto 1&#215;1 \u201cQueremos m\u00e1s m\u00fasica hecha en Ecuador, que se realizar\u00e1 en el Parque Bicentenario, en Quito, desde las 10h00.<\/p>\n<p style=\"text-align: justify;\">Daniel Sais, productor musical y ex integrante de la banda \u201cSoda Stereo\u201d de Argentina, y Nebraska Chiriboga, Directora General de \u201cMis Bandas Nacionales\u201d y conocida productora de programas de radio; integraron la comisi\u00f3n de selecci\u00f3n.<\/p>\n<p style=\"text-align: justify;\">De un total de 181 artistas inscritos, se escogieron a 15 bandas o solistas que audicionar\u00e1n en la rueda de negocios ante promotores y productores musicales, 28 se presentar\u00e1n en el escenario y 8 intervendr\u00e1n como invitados especiales o padrinos. Los g\u00e9neros musicales que se escuchar\u00e1n en el concierto son: Folklore, Reggaet\u00f3n, Arm\u00f3nico Simple, Tropical, Bomba, Salsa Urbana, Rock, entre otros.<\/p>\n<p style=\"text-align: justify;\">La din\u00e1mica de selecci\u00f3n aplicada por la comisi\u00f3n incluy\u00f3 escuchar todos los \u201cdemos musicales\u201d y revisar el material promocional enviado por los inscritos. Para la calificaci\u00f3n, se tomaron en cuenta par\u00e1metros como dominio instrumental, t\u00e9cnica vocal, afinaci\u00f3n y entonaci\u00f3n, composici\u00f3n musical, letra, arreglos, grabaci\u00f3n, entre otros; lo que sirvi\u00f3 como punto de partida para una preselecci\u00f3n de artistas de acuerdo con su g\u00e9nero musical.<\/p>\n<p style=\"text-align: justify;\">Tras la preselecci\u00f3n, se tomaron en cuenta otros aspectos como originalidad tem\u00e1tica, imagen, propuesta musical, calidad sonora, acabados ac\u00fasticos y dominio esc\u00e9nico.<\/p>\n<p style=\"text-align: justify;\">Para el productor musical argentino, la iniciativa del 1&#215;1 es un proceso largo, pero se encuentra por buen camino para conseguir una mejor calidad de artistas y producci\u00f3n musical ecuatoriana. \u201cLa motivaci\u00f3n de la ley es indispensable por la coyuntura y forma de pensar del pa\u00eds, porque encuentro una desconexi\u00f3n entre los medios y los artistas\u2026 Hay una conexi\u00f3n que establecer para que la industria musical ecuatoriana empiece a tener forma que por ahora casi que no existe\u201d, argument\u00f3.<\/p>\n<p style=\"text-align: justify;\">En relaci\u00f3n al proceso de selecci\u00f3n, se\u00f1al\u00f3 que caracter\u00edsticas como la calidad de la grabaci\u00f3n, nitidez y una buena producci\u00f3n profesional no se tomaron en cuenta en un 100%, ya que esto implica un alto gasto de recursos econ\u00f3micos para los artistas; y que, la selecci\u00f3n estuvo centrada entre otras cosas como por la presentaci\u00f3n no de \u201ccovers\u201d sino de interpretaciones y composiciones originales de los artistas. \u201cTen\u00edamos que generar y armar un show que sea lo suficientemente grande, inclusivo y vers\u00e1til para mostrar al p\u00fablico que asistir\u00e1 al \u201cBicentenario\u201d, tomando en cuenta la mayor variedad de m\u00fasica ecuatoriana para que la gente conozca y se acerque a sus artistas, cosa que no es una tarea f\u00e1cil por el n\u00famero de inscritos\u201d; manifest\u00f3.<\/p>\n<p style=\"text-align: justify;\">Por su parte, la conductora radial se mostr\u00f3 complacida por el gran n\u00famero de artistas inscritos, tanto independientes o solistas como tambi\u00e9n de agrupaciones en los diversos g\u00e9neros musicales. Para Chiriboga la selecci\u00f3n result\u00f3 dif\u00edcil pues \u201chay muchas bandas que no tienen solo talento, sino tambi\u00e9n capacidad de interpretaci\u00f3n, hacen buena m\u00fasica y proponen buenos proyectos\u201d.<\/p>\n<p style=\"text-align: justify;\">Respecto a la iniciativa del 1X1 y la aplicaci\u00f3n del art\u00edculo 103, se\u00f1al\u00f3 que esta propuesta abrir\u00e1 las puertas y presentar\u00e1 muchas oportunidades al talento y m\u00fasica ecuatorianos, lo que generar\u00e1 un abanico de estilos y propuestas innovadores. \u201cEs importante que la gente venga a ver en este concierto, estas nuevas propuestas\u2026 Los artistas tienen que darse a conocer y la comunidad tiene un poco que abrir su o\u00eddo y sus ojos a lo que es lo nuevo de la m\u00fasica que tiene que ser presentada en las radios\u201d, reflexion\u00f3 la conductora. (Supercom 15 09 07 Seleccionados 1&#215;1 Quito)<\/p>\n","protected":false},"excerpt":{"rendered":"<p>M\u00e1s de 50 artistas participar\u00e1n el s\u00e1bado 19 de septiembre en el Concierto 1&#215;1 \u201cQueremos m\u00e1s m\u00fasica hecha en Ecuador,<\/p>\n","protected":false},"author":1,"featured_media":0,"comment_status":"open","ping_status":"open","sticky":false,"template":"","format":"standard","meta":{"footnotes":""},"categories":[4],"tags":[],"_links":{"self":[{"href":"https:\/\/www.ecuadoraldia.com.ec\/index.php?rest_route=\/wp\/v2\/posts\/10366"}],"collection":[{"href":"https:\/\/www.ecuadoraldia.com.ec\/index.php?rest_route=\/wp\/v2\/posts"}],"about":[{"href":"https:\/\/www.ecuadoraldia.com.ec\/index.php?rest_route=\/wp\/v2\/types\/post"}],"author":[{"embeddable":true,"href":"https:\/\/www.ecuadoraldia.com.ec\/index.php?rest_route=\/wp\/v2\/users\/1"}],"replies":[{"embeddable":true,"href":"https:\/\/www.ecuadoraldia.com.ec\/index.php?rest_route=%2Fwp%2Fv2%2Fcomments&post=10366"}],"version-history":[{"count":1,"href":"https:\/\/www.ecuadoraldia.com.ec\/index.php?rest_route=\/wp\/v2\/posts\/10366\/revisions"}],"predecessor-version":[{"id":10368,"href":"https:\/\/www.ecuadoraldia.com.ec\/index.php?rest_route=\/wp\/v2\/posts\/10366\/revisions\/10368"}],"wp:attachment":[{"href":"https:\/\/www.ecuadoraldia.com.ec\/index.php?rest_route=%2Fwp%2Fv2%2Fmedia&parent=10366"}],"wp:term":[{"taxonomy":"category","embeddable":true,"href":"https:\/\/www.ecuadoraldia.com.ec\/index.php?rest_route=%2Fwp%2Fv2%2Fcategories&post=10366"},{"taxonomy":"post_tag","embeddable":true,"href":"https:\/\/www.ecuadoraldia.com.ec\/index.php?rest_route=%2Fwp%2Fv2%2Ftags&post=10366"}],"curies":[{"name":"wp","href":"https:\/\/api.w.org\/{rel}","templated":true}]}}