{"id":10369,"date":"2015-09-09T19:38:18","date_gmt":"2015-09-09T19:38:18","guid":{"rendered":"http:\/\/www.ecuadoraldia.com.ec\/?p=10369"},"modified":"2015-09-09T19:38:18","modified_gmt":"2015-09-09T19:38:18","slug":"correa-se-reune-con-gabinete-de-desarrollo-social","status":"publish","type":"post","link":"https:\/\/www.ecuadoraldia.com.ec\/?p=10369","title":{"rendered":"Correa se re\u00fane con gabinete de Desarrollo Social"},"content":{"rendered":"<figure id=\"attachment_10370\" aria-describedby=\"caption-attachment-10370\" style=\"width: 295px\" class=\"wp-caption alignleft\"><a href=\"http:\/\/www.ecuadoraldia.com.ec\/wp-content\/uploads\/2015\/09\/09-09-15-Correa-gabinete-1.jpg\"><img loading=\"lazy\" decoding=\"async\" class=\"size-full wp-image-10370\" src=\"http:\/\/www.ecuadoraldia.com.ec\/wp-content\/uploads\/2015\/09\/09-09-15-Correa-gabinete-1.jpg\" alt=\"ACT EL PRESIDENTRE RAFAEL CORREA SE REUNE EN GABINETE DE DESARROLLO SOCIAL. DANIEL MOLINEROS \/ EL TELEGRAFO\" width=\"295\" height=\"196\" \/><\/a><figcaption id=\"caption-attachment-10370\" class=\"wp-caption-text\">\u00a0CORREA SE REUNE EN GABINETE DE DESARROLLO SOCIAL EN LA VICEPRESIDENCIA- QUITO<\/p>\n<p><\/figcaption><\/figure>\n<p style=\"text-align: justify;\">Esta ma\u00f1ana el gabinete social se reuni\u00f3 con el presidente Rafael Correa para abordar temas de infraestructura con proyecci\u00f3n y costos de inversi\u00f3n hasta 2040, tanto en salud, como en educaci\u00f3n y primera infancia.<\/p>\n<p style=\"text-align: justify;\">El ministro de Educaci\u00f3n, Augusto Espinosa, dijo que pese a la crisis econ\u00f3mica que afronta el pa\u00eds no ha existido disminuci\u00f3n en inversi\u00f3n social.<\/p>\n<p style=\"text-align: justify;\">\u201cLas directrices del presidente Correa han sido muy claras en ese aspecto de mantener la inversi\u00f3n en desarrollo social como la educaci\u00f3n por eso ya hemos contratado la edificaci\u00f3n de 200 unidades prefabricadas que se terminar\u00e1n de construir hasta el primer trimestre de 2017\u201d, reiter\u00f3.<\/p>\n<p style=\"text-align: justify;\">En la cita, tambi\u00e9n se abord\u00f3 el proceso de la afiliaci\u00f3n voluntaria de las trabajadoras no remuneradas del hogar a la seguridad social. Al respecto, el presidente del directorio del Instituto de Seguridad Social (IESS).<\/p>\n<p style=\"text-align: justify;\">Richard Espinosa, indic\u00f3 que a finales de este mes ya se iniciar\u00e1 con la afiliaci\u00f3n de este sector social a trav\u00e9s del internet, y de puntos fijos que se establecer\u00e1n a nivel nacional.<\/p>\n<p style=\"text-align: justify;\">\u201cEsperamos superar el 1 mill\u00f3n de personas afiliadas, es una meta ambiciosa, pero creemos que es posible y ojal\u00e1 hasta finales de este a\u00f1o tengamos al menos 200 mil trabajadoras no remuneradas ya afiliadas\u201d, acot\u00f3 Espinosa.<\/p>\n<p style=\"text-align: justify;\">Los aportes de las amas de casa variar\u00e1n seg\u00fan su condici\u00f3n econ\u00f3mica. \u201cHabr\u00e1 algunas personas que reciban un 100% de subsidio, otras que aporten con la totalidad del monto establecido y algunas que tengan un mix entre el subsidio y el aporte del beneficiario final\u201d.<\/p>\n<p style=\"text-align: justify;\">Espinosa dijo que los avances en el IESS son importantes y no solo en prestaciones m\u00e9dicas, sino tambi\u00e9n en pr\u00e9stamos hipotecarios, donde se han colocado alrededor de $700 millones para esos servicios.<\/p>\n<p style=\"text-align: justify;\">La cita, que se cumplir\u00e1 hasta el medio d\u00eda tiene adem\u00e1s la presencia de las ministras Carina Vance de Salud, Cecilia Vaca de Desarrollo Social, Mar\u00eda de los \u00c1ngeles Duarte de Vivienda y de los ministros Patricio Rivera y Fausto Herrera, entre otros.<\/p>\n<p style=\"text-align: justify;\">En el encuentro, el Jefe de Estado dar\u00e1 seguimiento a temas como la sostenibilidad del Sistema de Protecci\u00f3n Social, los avances en la construcci\u00f3n de infraestructura social, entre los que se encuentran las Unidades Educativas del Milenio, hospitales y centros de salud y centros infantiles del Buen Vivir.<\/p>\n<p style=\"text-align: justify;\">Entre los temas, que tambi\u00e9n, analizar\u00e1 el Primer Mandatario con su equipo ministerial est\u00e1 el sistema de transporte escolar, la mortalidad materna, los avances en las acciones para combatir el tr\u00e1fico de tierras y se presentar\u00e1 un breve informe sobre la operativizaci\u00f3n de la afiliaci\u00f3n de las amas de casa a la seguridad social.<\/p>\n","protected":false},"excerpt":{"rendered":"<p>Esta ma\u00f1ana el gabinete social se reuni\u00f3 con el presidente Rafael Correa para abordar temas de infraestructura con proyecci\u00f3n y<\/p>\n","protected":false},"author":1,"featured_media":0,"comment_status":"open","ping_status":"open","sticky":false,"template":"","format":"standard","meta":{"footnotes":""},"categories":[3],"tags":[],"_links":{"self":[{"href":"https:\/\/www.ecuadoraldia.com.ec\/index.php?rest_route=\/wp\/v2\/posts\/10369"}],"collection":[{"href":"https:\/\/www.ecuadoraldia.com.ec\/index.php?rest_route=\/wp\/v2\/posts"}],"about":[{"href":"https:\/\/www.ecuadoraldia.com.ec\/index.php?rest_route=\/wp\/v2\/types\/post"}],"author":[{"embeddable":true,"href":"https:\/\/www.ecuadoraldia.com.ec\/index.php?rest_route=\/wp\/v2\/users\/1"}],"replies":[{"embeddable":true,"href":"https:\/\/www.ecuadoraldia.com.ec\/index.php?rest_route=%2Fwp%2Fv2%2Fcomments&post=10369"}],"version-history":[{"count":1,"href":"https:\/\/www.ecuadoraldia.com.ec\/index.php?rest_route=\/wp\/v2\/posts\/10369\/revisions"}],"predecessor-version":[{"id":10371,"href":"https:\/\/www.ecuadoraldia.com.ec\/index.php?rest_route=\/wp\/v2\/posts\/10369\/revisions\/10371"}],"wp:attachment":[{"href":"https:\/\/www.ecuadoraldia.com.ec\/index.php?rest_route=%2Fwp%2Fv2%2Fmedia&parent=10369"}],"wp:term":[{"taxonomy":"category","embeddable":true,"href":"https:\/\/www.ecuadoraldia.com.ec\/index.php?rest_route=%2Fwp%2Fv2%2Fcategories&post=10369"},{"taxonomy":"post_tag","embeddable":true,"href":"https:\/\/www.ecuadoraldia.com.ec\/index.php?rest_route=%2Fwp%2Fv2%2Ftags&post=10369"}],"curies":[{"name":"wp","href":"https:\/\/api.w.org\/{rel}","templated":true}]}}