{"id":10377,"date":"2015-09-11T00:07:42","date_gmt":"2015-09-11T00:07:42","guid":{"rendered":"http:\/\/www.ecuadoraldia.com.ec\/?p=10377"},"modified":"2015-09-11T00:07:42","modified_gmt":"2015-09-11T00:07:42","slug":"medidas-para-reactivacion-productiva-en-carchi","status":"publish","type":"post","link":"https:\/\/www.ecuadoraldia.com.ec\/?p=10377","title":{"rendered":"Medidas para reactivaci\u00f3n productiva en Carchi"},"content":{"rendered":"<p style=\"text-align: justify;\"><a href=\"http:\/\/www.ecuadoraldia.com.ec\/wp-content\/uploads\/2015\/09\/carchi.jpg\"><img loading=\"lazy\" decoding=\"async\" class=\"alignleft size-medium wp-image-10378\" src=\"http:\/\/www.ecuadoraldia.com.ec\/wp-content\/uploads\/2015\/09\/carchi-300x142.jpg\" alt=\"carchi\" width=\"300\" height=\"142\" srcset=\"https:\/\/www.ecuadoraldia.com.ec\/wp-content\/uploads\/2015\/09\/carchi-300x142.jpg 300w, https:\/\/www.ecuadoraldia.com.ec\/wp-content\/uploads\/2015\/09\/carchi.jpg 305w\" sizes=\"(max-width: 300px) 100vw, 300px\" \/><\/a>El presidente Rafael Correa calific\u00f3 como \u00abfruct\u00edfera\u00bb la reuni\u00f3n mantenida hoy en Carchi, provincia fronteriza con Colombia, con autoridades locales, representantes de sectores productivos, entre otros. En la cita se trabajaron en propuestas para enfrentar la dif\u00edcil situaci\u00f3n econ\u00f3mica de la regi\u00f3n debido a la devaluaci\u00f3n del peso colombiano y la apreciaci\u00f3n del d\u00f3lar.<\/p>\n<p style=\"text-align: justify;\">En un conversatorio con la prensa, el Mandatario se refiri\u00f3 a las medidas ya implementadas como la exoneraci\u00f3n del Impuesto a la Renta (IR) para el sector comercial y transporte pesado.<\/p>\n<p style=\"text-align: justify;\">Correa record\u00f3 que con la declaratoria de zona deprimida, Carchi tiene prioridad en compras p\u00fablicas. Adem\u00e1s, se abrir\u00e1n l\u00edneas de cr\u00e9dito en la banca estatal y se refinanciar\u00e1n las deudas a favor de la producci\u00f3n.<\/p>\n<p style=\"text-align: justify;\">El Presidente tambi\u00e9n anunci\u00f3 que hoy fueron acreditados $ 3,2 millones en devoluci\u00f3n del IVA para los gobiernos locales, exclusivamente de la provincia del Carchi.<\/p>\n<p style=\"text-align: justify;\">Tambi\u00e9n asegur\u00f3 que se analizan medidas para traer m\u00e1s visitantes y aprovechar los precios bajos en Colombia. Una idea es que los comerciantes carchenses puedan traer productos desde el vecino del norte y venderlas al mismo costo en Tulc\u00e1n.<\/p>\n<p style=\"text-align: justify;\">\u00abLa gente est\u00e1 yendo a comprar a Ipiales, al menos permitir canastas comerciales transfronterizas m\u00e1s grandes que las puedan comprar los comerciantes de Tulc\u00e1n, pero vender al mismo precio que en Ipiales, pero lo que ganamos es que se venda en Tulc\u00e1n, entonces ya hay empleo, m\u00e1s dinamismo, etc.\u00bb, dijo Correa.<\/p>\n<p style=\"text-align: justify;\">La ministra coordinadora de la Producci\u00f3n, Nathalie Cely, inform\u00f3 que las autoridades de Comercio Exterior se reunir\u00e1n para evaluar y consolidar detalles como el tama\u00f1o, los productos de dicha canasta, los cupos, entre otros puntos.<\/p>\n<p style=\"text-align: justify;\">El presidente Correa tambi\u00e9n indic\u00f3 que hubo una sobrestimaci\u00f3n del impacto de la compra al menudeo en Ipiales. \u00abRevisamos cuentas y de enero a agosto lo formal, lo declarado, las compras han sido alrededor de 3 millones de d\u00f3lares, lo cual no afecta en nada a la econom\u00eda ecuatoriana\u00bb, sostuvo.<\/p>\n<p style=\"text-align: justify;\">Sin embargo, a\u00f1adi\u00f3, el grave problema es el contrabando, por lo que se tomar\u00e1n medidas para su control como la colocaci\u00f3n de m\u00e1s ojos de \u00e1guila, m\u00e1s c\u00e1maras del ECU 911, entre otros.<\/p>\n<p style=\"text-align: justify;\">El Jefe de Estado tambi\u00e9n inform\u00f3 que se determinaron ciertas inconsistencias, como que las compras que ingresaban por tierra en la zona fronteriza no estaba pagando las salvaguardias. \u00ab\u00bfEl plasma que se importa por parte de un almac\u00e9n s\u00ed paga salvaguardias y el que se importa no? Entonces se van a poner esas salvaguardias en la frontera terrestre. No entiendo por qu\u00e9 no se estaba cobrando, y eso ayudar\u00e1 a recuperar un poco el dinamismo y la productividad del Carchi, porque protege a su producci\u00f3n\u00bb, acot\u00f3.<\/p>\n<p style=\"text-align: justify;\">\u00abCon esto de alguna manera vamos a regular esas compras que estamos haciendo\u00bb, dijo de su lado Xavier C\u00e1rdenas, director del Servicio Nacional de Aduanas del Ecuador.<\/p>\n<p style=\"text-align: justify;\">Correa explic\u00f3 que se aplicar\u00e1 la medida para los productos que tengan salvaguardias.<\/p>\n<p style=\"text-align: justify;\">Otra medida que anunci\u00f3 Correa es que se ha dado la orden para que se venda a cualquier transporte de carga, de placa extranjera, la gasolina al precio internacional (3,15 d\u00f3lares el gal\u00f3n). (I)<\/p>\n","protected":false},"excerpt":{"rendered":"<p>El presidente Rafael Correa calific\u00f3 como \u00abfruct\u00edfera\u00bb la reuni\u00f3n mantenida hoy en Carchi, provincia fronteriza con Colombia, con autoridades locales,<\/p>\n","protected":false},"author":1,"featured_media":0,"comment_status":"open","ping_status":"open","sticky":false,"template":"","format":"standard","meta":{"footnotes":""},"categories":[3],"tags":[],"_links":{"self":[{"href":"https:\/\/www.ecuadoraldia.com.ec\/index.php?rest_route=\/wp\/v2\/posts\/10377"}],"collection":[{"href":"https:\/\/www.ecuadoraldia.com.ec\/index.php?rest_route=\/wp\/v2\/posts"}],"about":[{"href":"https:\/\/www.ecuadoraldia.com.ec\/index.php?rest_route=\/wp\/v2\/types\/post"}],"author":[{"embeddable":true,"href":"https:\/\/www.ecuadoraldia.com.ec\/index.php?rest_route=\/wp\/v2\/users\/1"}],"replies":[{"embeddable":true,"href":"https:\/\/www.ecuadoraldia.com.ec\/index.php?rest_route=%2Fwp%2Fv2%2Fcomments&post=10377"}],"version-history":[{"count":1,"href":"https:\/\/www.ecuadoraldia.com.ec\/index.php?rest_route=\/wp\/v2\/posts\/10377\/revisions"}],"predecessor-version":[{"id":10379,"href":"https:\/\/www.ecuadoraldia.com.ec\/index.php?rest_route=\/wp\/v2\/posts\/10377\/revisions\/10379"}],"wp:attachment":[{"href":"https:\/\/www.ecuadoraldia.com.ec\/index.php?rest_route=%2Fwp%2Fv2%2Fmedia&parent=10377"}],"wp:term":[{"taxonomy":"category","embeddable":true,"href":"https:\/\/www.ecuadoraldia.com.ec\/index.php?rest_route=%2Fwp%2Fv2%2Fcategories&post=10377"},{"taxonomy":"post_tag","embeddable":true,"href":"https:\/\/www.ecuadoraldia.com.ec\/index.php?rest_route=%2Fwp%2Fv2%2Ftags&post=10377"}],"curies":[{"name":"wp","href":"https:\/\/api.w.org\/{rel}","templated":true}]}}