{"id":10380,"date":"2015-09-11T00:08:42","date_gmt":"2015-09-11T00:08:42","guid":{"rendered":"http:\/\/www.ecuadoraldia.com.ec\/?p=10380"},"modified":"2015-09-11T00:08:42","modified_gmt":"2015-09-11T00:08:42","slug":"cancilleres-de-colombia-y-venezuela-se-reuniran-en-quito","status":"publish","type":"post","link":"https:\/\/www.ecuadoraldia.com.ec\/?p=10380","title":{"rendered":"Cancilleres de Colombia y Venezuela se reunir\u00e1n en Quito"},"content":{"rendered":"<p style=\"text-align: justify;\"><a href=\"http:\/\/www.ecuadoraldia.com.ec\/wp-content\/uploads\/2015\/09\/pati\u00f1oo.jpg\"><img loading=\"lazy\" decoding=\"async\" class=\"alignleft size-full wp-image-10381\" src=\"http:\/\/www.ecuadoraldia.com.ec\/wp-content\/uploads\/2015\/09\/pati\u00f1oo.jpg\" alt=\"pati\u00f1oo\" width=\"267\" height=\"252\" \/><\/a>Los mandatarios de Venezuela y Colombia, Nicol\u00e1s Maduro y Juan Manuel Santos, respectivamente, aceptaron la invitaci\u00f3n que hicieran la Celac y Unasur, para una reuni\u00f3n a nivel de cancilleres sobre la crisis fronteriza y diplom\u00e1tica entre los dos pa\u00edses, anunci\u00f3 el ministro de Relaciones Exteriores de Ecuador, Ricardo Pati\u00f1o..<\/p>\n<p style=\"text-align: justify;\">La cita de las cancilleres Delcy Rodr\u00edguez y Mar\u00eda \u00c1ngela Holgu\u00edn se llevar\u00e1 a cabo el pr\u00f3ximo s\u00e1bado, 12 de septiembre, en Quito, a las 15:00 locales.<\/p>\n<p style=\"text-align: justify;\">En el di\u00e1logo participar\u00e1 el propio Pati\u00f1o y su hom\u00f3logo de Uruguay, Rodolfo Nin Novoa.<\/p>\n<p style=\"text-align: justify;\">El ministro ecuatoriano indic\u00f3 que el objeto es tratar los \u00abtemas sensibles\u00bb como paso previo a una reuni\u00f3n presidencial.<\/p>\n<p style=\"text-align: justify;\">Pati\u00f1o dijo estar \u00ababsolutamente convencido de que vamos a tener resultados positivos\u00bb.<\/p>\n<p style=\"text-align: justify;\">Posteriormente, en declaraciones a Telesur, el funcionario ecuatoriano recalc\u00f3 que organismos internacionales como la Uni\u00f3n de Naciones Suramericanas (Unasur) y la Comunidad de Estados Latinoamericanos y Caribe\u00f1os (Celac) \u00abhan demostrado la importancia que tiene integraci\u00f3n y paz de los pueblos\u00bb.<\/p>\n<p style=\"text-align: justify;\">De su lado, el presidente Rafael Correa sostuvo que \u00abla reuni\u00f3n de cancilleres es ya una gran noticia y es en preparaci\u00f3n de la reuni\u00f3n de presidentes, que ya ha sido aceptada\u00bb y la cual \u00abprobablemente tambi\u00e9n se har\u00e1 en Quito\u00bb.<\/p>\n<p style=\"text-align: justify;\">\u00abEsperamos que (esta cita presidencial) sea el episodio definitivo para superar este lamentable conflicto que ha surgido entre Venezuela y Colombia\u00bb, agreg\u00f3.<\/p>\n<p style=\"text-align: justify;\">Los dos pa\u00edses, que comparten una l\u00ednea lim\u00edtrofe de 2.219 km, est\u00e1n enfrascados en una crisis que estall\u00f3 el 19 de agosto, cuando Caracas orden\u00f3 cerrar parte de la frontera tras un ataque a militares venezolanos que Maduro atribuy\u00f3 a \u00abparamilitares colombianos\u00bb.<\/p>\n<p style=\"text-align: justify;\">Desde entonces, unos 20.000 colombianos, entre deportados y quienes huyeron por temor a serlo, regresaron de Venezuela, seg\u00fan la ONU. (I)<\/p>\n","protected":false},"excerpt":{"rendered":"<p>Los mandatarios de Venezuela y Colombia, Nicol\u00e1s Maduro y Juan Manuel Santos, respectivamente, aceptaron la invitaci\u00f3n que hicieran la Celac<\/p>\n","protected":false},"author":1,"featured_media":0,"comment_status":"open","ping_status":"open","sticky":false,"template":"","format":"standard","meta":{"footnotes":""},"categories":[1],"tags":[],"_links":{"self":[{"href":"https:\/\/www.ecuadoraldia.com.ec\/index.php?rest_route=\/wp\/v2\/posts\/10380"}],"collection":[{"href":"https:\/\/www.ecuadoraldia.com.ec\/index.php?rest_route=\/wp\/v2\/posts"}],"about":[{"href":"https:\/\/www.ecuadoraldia.com.ec\/index.php?rest_route=\/wp\/v2\/types\/post"}],"author":[{"embeddable":true,"href":"https:\/\/www.ecuadoraldia.com.ec\/index.php?rest_route=\/wp\/v2\/users\/1"}],"replies":[{"embeddable":true,"href":"https:\/\/www.ecuadoraldia.com.ec\/index.php?rest_route=%2Fwp%2Fv2%2Fcomments&post=10380"}],"version-history":[{"count":1,"href":"https:\/\/www.ecuadoraldia.com.ec\/index.php?rest_route=\/wp\/v2\/posts\/10380\/revisions"}],"predecessor-version":[{"id":10382,"href":"https:\/\/www.ecuadoraldia.com.ec\/index.php?rest_route=\/wp\/v2\/posts\/10380\/revisions\/10382"}],"wp:attachment":[{"href":"https:\/\/www.ecuadoraldia.com.ec\/index.php?rest_route=%2Fwp%2Fv2%2Fmedia&parent=10380"}],"wp:term":[{"taxonomy":"category","embeddable":true,"href":"https:\/\/www.ecuadoraldia.com.ec\/index.php?rest_route=%2Fwp%2Fv2%2Fcategories&post=10380"},{"taxonomy":"post_tag","embeddable":true,"href":"https:\/\/www.ecuadoraldia.com.ec\/index.php?rest_route=%2Fwp%2Fv2%2Ftags&post=10380"}],"curies":[{"name":"wp","href":"https:\/\/api.w.org\/{rel}","templated":true}]}}