{"id":10389,"date":"2015-09-11T00:24:12","date_gmt":"2015-09-11T00:24:12","guid":{"rendered":"http:\/\/www.ecuadoraldia.com.ec\/?p=10389"},"modified":"2015-09-11T00:24:12","modified_gmt":"2015-09-11T00:24:12","slug":"segundo-encuentro-entre-productores-y-medios","status":"publish","type":"post","link":"https:\/\/www.ecuadoraldia.com.ec\/?p=10389","title":{"rendered":"Segundo Encuentro entre productores y medios"},"content":{"rendered":"<p style=\"text-align: justify;\"><a href=\"http:\/\/www.ecuadoraldia.com.ec\/wp-content\/uploads\/2015\/09\/15-09-09_IIENCUENTRO.jpg\"><img loading=\"lazy\" decoding=\"async\" class=\"alignleft size-medium wp-image-10390\" src=\"http:\/\/www.ecuadoraldia.com.ec\/wp-content\/uploads\/2015\/09\/15-09-09_IIENCUENTRO-300x150.jpg\" alt=\"15-09-09_IIENCUENTRO\" width=\"300\" height=\"150\" srcset=\"https:\/\/www.ecuadoraldia.com.ec\/wp-content\/uploads\/2015\/09\/15-09-09_IIENCUENTRO-300x150.jpg 300w, https:\/\/www.ecuadoraldia.com.ec\/wp-content\/uploads\/2015\/09\/15-09-09_IIENCUENTRO.jpg 800w\" sizes=\"(max-width: 300px) 100vw, 300px\" \/><\/a>Con la presencia de 38 productores independientes, la Superintendencia de la Informaci\u00f3n y Comunicaci\u00f3n (SUPERCOM) realiz\u00f3 el \u201cSegundo Encuentro Nacional de Productores de Radio, Televisi\u00f3n y Medios de Comunicaci\u00f3n\u201d en Guayaquil.<\/p>\n<p style=\"text-align: justify;\">El evento se desarroll\u00f3 el mi\u00e9rcoles 9 de septiembre en el Hotel Unipark y cont\u00f3 con la presencia del Superintendente de la Informaci\u00f3n y Comunicaci\u00f3n, Carlos Ochoa Hern\u00e1ndez, qui\u00e9n dio la bienvenida a los participantes destacando que este encuentro permite crear espacios de di\u00e1logo para llegar a acuerdos comerciales entre ambas partes. \u201cPara dar una idea de lo significativo de este espacio, podemos mencionar que para un productor, que tiene contactos en los medios, podr\u00eda demorarle no menos de dos a\u00f1os reunirse con 20 canales de televisi\u00f3n; mientras que aqu\u00ed se establecen negociaciones en un solo d\u00eda\u201d, detall\u00f3.<\/p>\n<p style=\"text-align: justify;\">De su parte, los representantes de los distintos medios de comunicaci\u00f3n mostraron su satisfacci\u00f3n por la presentaci\u00f3n de nuevas propuestas comunicacionales. \u201cComo radio nos interesa tener diferentes opciones para poder incorporar a nuestra parrilla\u201d, se\u00f1al\u00f3 Michelle Cabanilla de Radio Forever.<\/p>\n<p style=\"text-align: justify;\">En este espacio, que busca fomentar la producci\u00f3n nacional independiente, 20 realizadores de televisi\u00f3n y 18 de radio tuvieron la oportunidad de mostrar sus trabajos durante los 20 minutos que se establecieron para cada visita a los distintos stands de los medios de comunicaci\u00f3n.<\/p>\n<p style=\"text-align: justify;\">La inclusi\u00f3n del adulto mayor en programas de televisi\u00f3n fue el principal tema presentado por la productora M\u00e1chica Films. \u201cEn la actualidad este sector no es tomado muy en cuenta, por eso creamos el piloto del programa \u2018Los Viejos Tiempos\u2019, el cual toma como personaje principal a los abuelos para que cuenten sus experiencia y as\u00ed poder generar v\u00ednculos con el p\u00fablico infantil y adolescente\u201d, indic\u00f3 Amanda Robalino representante de la empresa.<\/p>\n<p style=\"text-align: justify;\">\u201cEstamos aqu\u00ed gracias a todo el esfuerzo que se est\u00e1 haciendo ahora por promocionar el talento ecuatoriano\u2026 hemos encontrado una apertura muy interesante. A los due\u00f1os de los medios les ha gustado mucho nuestros productos\u201d, recalc\u00f3 Alex Altamirano de Stopmotionfilms. (I) Fuente Supercom<\/p>\n","protected":false},"excerpt":{"rendered":"<p>Con la presencia de 38 productores independientes, la Superintendencia de la Informaci\u00f3n y Comunicaci\u00f3n (SUPERCOM) realiz\u00f3 el \u201cSegundo Encuentro Nacional<\/p>\n","protected":false},"author":1,"featured_media":0,"comment_status":"open","ping_status":"open","sticky":false,"template":"","format":"standard","meta":{"footnotes":""},"categories":[4],"tags":[],"_links":{"self":[{"href":"https:\/\/www.ecuadoraldia.com.ec\/index.php?rest_route=\/wp\/v2\/posts\/10389"}],"collection":[{"href":"https:\/\/www.ecuadoraldia.com.ec\/index.php?rest_route=\/wp\/v2\/posts"}],"about":[{"href":"https:\/\/www.ecuadoraldia.com.ec\/index.php?rest_route=\/wp\/v2\/types\/post"}],"author":[{"embeddable":true,"href":"https:\/\/www.ecuadoraldia.com.ec\/index.php?rest_route=\/wp\/v2\/users\/1"}],"replies":[{"embeddable":true,"href":"https:\/\/www.ecuadoraldia.com.ec\/index.php?rest_route=%2Fwp%2Fv2%2Fcomments&post=10389"}],"version-history":[{"count":1,"href":"https:\/\/www.ecuadoraldia.com.ec\/index.php?rest_route=\/wp\/v2\/posts\/10389\/revisions"}],"predecessor-version":[{"id":10391,"href":"https:\/\/www.ecuadoraldia.com.ec\/index.php?rest_route=\/wp\/v2\/posts\/10389\/revisions\/10391"}],"wp:attachment":[{"href":"https:\/\/www.ecuadoraldia.com.ec\/index.php?rest_route=%2Fwp%2Fv2%2Fmedia&parent=10389"}],"wp:term":[{"taxonomy":"category","embeddable":true,"href":"https:\/\/www.ecuadoraldia.com.ec\/index.php?rest_route=%2Fwp%2Fv2%2Fcategories&post=10389"},{"taxonomy":"post_tag","embeddable":true,"href":"https:\/\/www.ecuadoraldia.com.ec\/index.php?rest_route=%2Fwp%2Fv2%2Ftags&post=10389"}],"curies":[{"name":"wp","href":"https:\/\/api.w.org\/{rel}","templated":true}]}}