{"id":10392,"date":"2015-09-11T12:52:07","date_gmt":"2015-09-11T12:52:07","guid":{"rendered":"http:\/\/www.ecuadoraldia.com.ec\/?p=10392"},"modified":"2015-09-11T12:52:07","modified_gmt":"2015-09-11T12:52:07","slug":"federacion-de-periodistas-respalda-las-acciones-legales-contra-fundamedios","status":"publish","type":"post","link":"https:\/\/www.ecuadoraldia.com.ec\/?p=10392","title":{"rendered":"Federaci\u00f3n de periodistas respalda las acciones legales contra Fundamedios"},"content":{"rendered":"<figure id=\"attachment_10393\" aria-describedby=\"caption-attachment-10393\" style=\"width: 300px\" class=\"wp-caption alignleft\"><a href=\"http:\/\/www.ecuadoraldia.com.ec\/wp-content\/uploads\/2015\/09\/DSC0104.jpg\"><img loading=\"lazy\" decoding=\"async\" class=\"size-medium wp-image-10393\" src=\"http:\/\/www.ecuadoraldia.com.ec\/wp-content\/uploads\/2015\/09\/DSC0104-300x201.jpg\" alt=\"foto internet\" width=\"300\" height=\"201\" srcset=\"https:\/\/www.ecuadoraldia.com.ec\/wp-content\/uploads\/2015\/09\/DSC0104-300x201.jpg 300w, https:\/\/www.ecuadoraldia.com.ec\/wp-content\/uploads\/2015\/09\/DSC0104-1024x685.jpg 1024w, https:\/\/www.ecuadoraldia.com.ec\/wp-content\/uploads\/2015\/09\/DSC0104.jpg 1600w\" sizes=\"(max-width: 300px) 100vw, 300px\" \/><\/a><figcaption id=\"caption-attachment-10393\" class=\"wp-caption-text\">foto internet<\/figcaption><\/figure>\n<p style=\"text-align: justify;\">La Federaci\u00f3n Nacional de Periodistas del Ecuador (Fenape), a trav\u00e9s de un remitido oficial, expres\u00f3 su apoyo a las acciones legales iniciadas por la Secretar\u00eda Nacional de Comunicaci\u00f3n (Secom) en contra de Fundamedios.<\/p>\n<p style=\"text-align: justify;\">\u00abLa fundaci\u00f3n no ha cumpido con su objetivo fundamental de defender los derechos de los profesionales que ejercen la labor period\u00edstica. Por el contrario, como es de conocimiento p\u00fablico, su accionar se ha centrado en ejecutar acciones de car\u00e1cter pol\u00edtico\u00bb, reza el documento.<\/p>\n<p style=\"text-align: justify;\">Lea adem\u00e1s: Las acciones pol\u00edticas de Fundamedios violan sus estatutos<\/p>\n<p style=\"text-align: justify;\">La Fenape, adem\u00e1s, \u00ablamenta que Fundamedios no haya intervenido cuando compa\u00f1eros cuyos derechos como trabajadores fueron vulnerados por medios de comunicaci\u00f3n, hayan acudido a esta organizaci\u00f3n para denunciar pagos impuntuales de salarios, impago de utilidades y liquidaciones, maltratos en sus sitios de trabajo, entre otros abusos cometidos por los due\u00f1os de estas empresas, y no hayan recibido el apoyo necesario de parte de Fundamendios para viabilizar sus reclamos\u00bb.<\/p>\n<p style=\"text-align: justify;\">La agremiaci\u00f3n de periodistas tambi\u00e9n expresa su preocupaci\u00f3n \u00abante el desacierto de Fundamedios de haberse desviado de sus fines estatutarios y promover una &#8216;libertad de expresi\u00f3n&#8217; que solo favorece a las grandes empresas de comunicaci\u00f3n que someten a sus trabajadores a condiciones laborales indignantes. Esto demuestra un proceder parcializado de parte de la fundaci\u00f3n\u00bb.\/ El telegrafo (i)<\/p>\n","protected":false},"excerpt":{"rendered":"<p>La Federaci\u00f3n Nacional de Periodistas del Ecuador (Fenape), a trav\u00e9s de un remitido oficial, expres\u00f3 su apoyo a las acciones<\/p>\n","protected":false},"author":1,"featured_media":0,"comment_status":"open","ping_status":"open","sticky":false,"template":"","format":"standard","meta":{"footnotes":""},"categories":[3],"tags":[],"_links":{"self":[{"href":"https:\/\/www.ecuadoraldia.com.ec\/index.php?rest_route=\/wp\/v2\/posts\/10392"}],"collection":[{"href":"https:\/\/www.ecuadoraldia.com.ec\/index.php?rest_route=\/wp\/v2\/posts"}],"about":[{"href":"https:\/\/www.ecuadoraldia.com.ec\/index.php?rest_route=\/wp\/v2\/types\/post"}],"author":[{"embeddable":true,"href":"https:\/\/www.ecuadoraldia.com.ec\/index.php?rest_route=\/wp\/v2\/users\/1"}],"replies":[{"embeddable":true,"href":"https:\/\/www.ecuadoraldia.com.ec\/index.php?rest_route=%2Fwp%2Fv2%2Fcomments&post=10392"}],"version-history":[{"count":1,"href":"https:\/\/www.ecuadoraldia.com.ec\/index.php?rest_route=\/wp\/v2\/posts\/10392\/revisions"}],"predecessor-version":[{"id":10394,"href":"https:\/\/www.ecuadoraldia.com.ec\/index.php?rest_route=\/wp\/v2\/posts\/10392\/revisions\/10394"}],"wp:attachment":[{"href":"https:\/\/www.ecuadoraldia.com.ec\/index.php?rest_route=%2Fwp%2Fv2%2Fmedia&parent=10392"}],"wp:term":[{"taxonomy":"category","embeddable":true,"href":"https:\/\/www.ecuadoraldia.com.ec\/index.php?rest_route=%2Fwp%2Fv2%2Fcategories&post=10392"},{"taxonomy":"post_tag","embeddable":true,"href":"https:\/\/www.ecuadoraldia.com.ec\/index.php?rest_route=%2Fwp%2Fv2%2Ftags&post=10392"}],"curies":[{"name":"wp","href":"https:\/\/api.w.org\/{rel}","templated":true}]}}