{"id":10395,"date":"2015-09-11T12:56:48","date_gmt":"2015-09-11T12:56:48","guid":{"rendered":"http:\/\/www.ecuadoraldia.com.ec\/?p=10395"},"modified":"2015-09-11T12:56:48","modified_gmt":"2015-09-11T12:56:48","slug":"eeuu-muy-preocupado-por-la-decision-de-rafael-correa-de-cerrar-fundamedios","status":"publish","type":"post","link":"https:\/\/www.ecuadoraldia.com.ec\/?p=10395","title":{"rendered":"EEUU, muy preocupado por la decisi\u00f3n de Rafael Correa de cerrar Fundamedios"},"content":{"rendered":"<p style=\"text-align: justify;\"><a href=\"http:\/\/www.ecuadoraldia.com.ec\/wp-content\/uploads\/2015\/09\/ya.jpg\"><img loading=\"lazy\" decoding=\"async\" class=\"alignleft size-full wp-image-10396\" src=\"http:\/\/www.ecuadoraldia.com.ec\/wp-content\/uploads\/2015\/09\/ya.jpg\" alt=\"ya\" width=\"272\" height=\"221\" \/><\/a>La principal diplom\u00e1tica estadounidense para Am\u00e9rica Latina critic\u00f3 la decisi\u00f3n del gobierno de Ecuador contra el observatorio independiente de medios. Afirm\u00f3 que en el pa\u00eds se sigue restringiendo la libertad de expresi\u00f3n<br \/>\n\u00abMuy preocupados por que el gobierno de #Ecuador siga restringiendo la libertad de expresi\u00f3n y asociaci\u00f3n tras \u00faltima acci\u00f3n contra @FUNDAMEDIOS\u00bb, escribi\u00f3 Roberta Jacobson en su cuenta de Twitter.<br \/>\nJohn Kirby, vocero del Departamento de Estado, tambi\u00e9n difundi\u00f3 un comunicado este jueves: \u00abEstamos muy preocupados por las crecientes restricciones a la libertad de expresi\u00f3n y asociaci\u00f3n en Ecuador, en especial sobre la decisi\u00f3n del 8 de septiembre del gobierno de iniciar medidas legales destinadas a disolver la ONG Fundamedios\u00bb.<\/p>\n<p style=\"text-align: justify;\">\u201cUna sociedad civil activa y la tolerancia de las opiniones disidentes son componentes vitales de cualquier democracia. Compartimos la preocupaci\u00f3n internacional por los esfuerzos del gobierno ecuatoriano para silenciar las voces cr\u00edticas y negar el acceso a los ciudadanos a una diversidad de informaci\u00f3n e ideas. Freedom House, Human Rights Watch, el Comit\u00e9 para la Protecci\u00f3n de los Periodistas, entre otros, han hablado en contra de la \u00faltima acci\u00f3n del gobierno contra Fundamedios\u201d, agrega el documento.<\/p>\n<p style=\"text-align: justify;\">Y concluy\u00f3: \u00abHacemos un llamado al gobierno de Ecuador a que cumpla sus compromisos en virtud del Pacto Internacional de Derechos Civiles y Pol\u00edticos y la Convenci\u00f3n Americana sobre Derechos Humanos por la defensa de la libertad de expresi\u00f3n y de asociaci\u00f3n como derechos democr\u00e1ticos fundamentales\u00bb.<\/p>\n<p style=\"text-align: justify;\">HRW repudi\u00f3 la decisi\u00f3n de Correa de cerrar Fundamedios<\/p>\n<p style=\"text-align: justify;\">Censura en Ecuador: Rafael Correa cerrar\u00e1 Fundamedios<\/p>\n<p style=\"text-align: justify;\">Para Rafael Correa, los medios europeos lo quieren desestabilizar y desprestigiar<\/p>\n<p style=\"text-align: justify;\">La ONG Fundamedios, que promociona la libertad de prensa en Ecuador, enfrenta un \u00abproceso de disoluci\u00f3n\u00bb dispuesto por el gobierno, que la acus\u00f3 en el pasado de desviarse de sus fines y hacer oposici\u00f3n.<\/p>\n<p style=\"text-align: justify;\">El martes pasado, Fundamedios hizo p\u00fablico un escrito de la Secretar\u00eda Nacional de Comunicaci\u00f3n (Secom), el \u00f3rgano encargado de regular a organizaciones sociales, en el que notifica a la ONG del inicio del \u00abprocedimiento administrativo de disoluci\u00f3n\u00bb.<\/p>\n<p style=\"text-align: justify;\">Al mismo tiempo le otorga un plazo de diez d\u00edas, a partir del 7 de septiembre, para que ejerza su derecho a la defensa.<\/p>\n<p style=\"text-align: justify;\">El director de Fundamedios, C\u00e9sar Ricaurte, dijo a la AFP que el gobierno acusa a su organizaci\u00f3n de involucrarse en \u00abpol\u00edtica partidista\u00bb, lo que est\u00e1 prohibido por la ley para ese tipo de organismos. \u00abNo tiene ni pies ni cabeza que nos acusen de estar haciendo pol\u00edtica partidista porque ayudamos a promocionar dos blogs de periodismo, dos blogs de periodistas (cr\u00edticos con el gobierno)\u00bb, se\u00f1al\u00f3 Ricaurte.<\/p>\n<p style=\"text-align: justify;\">El directivo se quej\u00f3 de la supuesta arbitrariedad con la que est\u00e1 actuando el gobierno.<\/p>\n<p style=\"text-align: justify;\">\u00abEs una acusaci\u00f3n absolutamente arbitraria, por lo cual nosotros vamos a argumentar jur\u00eddicamente; vamos a presentar las pruebas de descargo ante la misma Secom, porque esa es la paradoja de la legislaci\u00f3n que tenemos\u00bb, coment\u00f3 Ricaurte.<\/p>\n<p style=\"text-align: justify;\">Fundamedios public\u00f3 un oficio de la Secom del 23 de junio de 2015, en el que le advierte que \u00abse ha desviado claramente de sus fines estatutarios\u00bb por difundir \u00abalertas, mensajes y ensayos\u00bb en redes sociales con \u00abposiciones de car\u00e1cter netamente pol\u00edtico\u00bb.<\/p>\n<p style=\"text-align: justify;\">Con esos antecedentes, Ricaurte afirm\u00f3 que es muy poco probable que la ONG pueda seguir operando y que su disoluci\u00f3n es inminente. \u00abSabemos que no tenemos mayores probabilidades de que se nos d\u00e9 la raz\u00f3n.(..) Aun si nos disuelven, vamos a seguir trabajando, vamos a seguir monitoreando, vamos a seguir defendiendo y promoviendo la libertad de prensa en el Ecuador\u00bb, coment\u00f3.<\/p>\n<p style=\"text-align: justify;\">El presidente Rafael Correa ha cuestionado en otras oportunidades el sesgo opositor de Fundamedios. En diciembre de 2014, el gobierno clausur\u00f3 a la ONG ambientalista Fundaci\u00f3n Pachamama tras acusarla de intentar agredir a un diplom\u00e1tico durante una protesta contra la explotaci\u00f3n petrolera.<\/p>\n<p style=\"text-align: justify;\">Hoy, la SIP responsabiliz\u00f3 a Rafael Correa por el deterioro de la libertad de prensa en Ecuador y la organizaci\u00f3n Human Rights Watch afirm\u00f3 que la medida tomada por el Ejecutivo ecuatoriano es un \u00abevidente abuso de poder\u00bb (Infobae)<\/p>\n","protected":false},"excerpt":{"rendered":"<p>La principal diplom\u00e1tica estadounidense para Am\u00e9rica Latina critic\u00f3 la decisi\u00f3n del gobierno de Ecuador contra el observatorio independiente de medios.<\/p>\n","protected":false},"author":1,"featured_media":0,"comment_status":"open","ping_status":"open","sticky":false,"template":"","format":"standard","meta":{"footnotes":""},"categories":[7],"tags":[],"_links":{"self":[{"href":"https:\/\/www.ecuadoraldia.com.ec\/index.php?rest_route=\/wp\/v2\/posts\/10395"}],"collection":[{"href":"https:\/\/www.ecuadoraldia.com.ec\/index.php?rest_route=\/wp\/v2\/posts"}],"about":[{"href":"https:\/\/www.ecuadoraldia.com.ec\/index.php?rest_route=\/wp\/v2\/types\/post"}],"author":[{"embeddable":true,"href":"https:\/\/www.ecuadoraldia.com.ec\/index.php?rest_route=\/wp\/v2\/users\/1"}],"replies":[{"embeddable":true,"href":"https:\/\/www.ecuadoraldia.com.ec\/index.php?rest_route=%2Fwp%2Fv2%2Fcomments&post=10395"}],"version-history":[{"count":1,"href":"https:\/\/www.ecuadoraldia.com.ec\/index.php?rest_route=\/wp\/v2\/posts\/10395\/revisions"}],"predecessor-version":[{"id":10397,"href":"https:\/\/www.ecuadoraldia.com.ec\/index.php?rest_route=\/wp\/v2\/posts\/10395\/revisions\/10397"}],"wp:attachment":[{"href":"https:\/\/www.ecuadoraldia.com.ec\/index.php?rest_route=%2Fwp%2Fv2%2Fmedia&parent=10395"}],"wp:term":[{"taxonomy":"category","embeddable":true,"href":"https:\/\/www.ecuadoraldia.com.ec\/index.php?rest_route=%2Fwp%2Fv2%2Fcategories&post=10395"},{"taxonomy":"post_tag","embeddable":true,"href":"https:\/\/www.ecuadoraldia.com.ec\/index.php?rest_route=%2Fwp%2Fv2%2Ftags&post=10395"}],"curies":[{"name":"wp","href":"https:\/\/api.w.org\/{rel}","templated":true}]}}