{"id":10398,"date":"2015-09-14T13:14:28","date_gmt":"2015-09-14T13:14:28","guid":{"rendered":"http:\/\/www.ecuadoraldia.com.ec\/?p=10398"},"modified":"2015-09-14T13:14:28","modified_gmt":"2015-09-14T13:14:28","slug":"situacion-en-frontera-colombo-venezolana-va-a-consulta-presidencial","status":"publish","type":"post","link":"https:\/\/www.ecuadoraldia.com.ec\/?p=10398","title":{"rendered":"Situaci\u00f3n en frontera colombo-venezolana va a consulta presidencial"},"content":{"rendered":"<figure id=\"attachment_10399\" aria-describedby=\"caption-attachment-10399\" style=\"width: 300px\" class=\"wp-caption alignleft\"><a href=\"http:\/\/www.ecuadoraldia.com.ec\/wp-content\/uploads\/2015\/09\/cancillera5.jpg\"><img loading=\"lazy\" decoding=\"async\" class=\"size-medium wp-image-10399\" src=\"http:\/\/www.ecuadoraldia.com.ec\/wp-content\/uploads\/2015\/09\/cancillera5-300x183.jpg\" alt=\"REUNION DE CANCILERES ECUADOR COLOMBIA VENEZUELA URUGUAY\" width=\"300\" height=\"183\" srcset=\"https:\/\/www.ecuadoraldia.com.ec\/wp-content\/uploads\/2015\/09\/cancillera5-300x183.jpg 300w, https:\/\/www.ecuadoraldia.com.ec\/wp-content\/uploads\/2015\/09\/cancillera5.jpg 381w\" sizes=\"(max-width: 300px) 100vw, 300px\" \/><\/a><figcaption id=\"caption-attachment-10399\" class=\"wp-caption-text\">REUNION DE CANCILERES ECUADOR COLOMBIA VENEZUELA\u00a0<\/figcaption><\/figure>\n<p style=\"text-align: justify;\">Las cancilleres Mar\u00eda \u00c1ngela Holgu\u00edn, de Colombia, y Delcy Rodr\u00edguez, de Venezuela, llevar\u00e1n a consulta de sus presidentes, Juan Manuel Santos y Nicol\u00e1s Maduro, respectivamente, los temas \u201csensibles de la relaci\u00f3n bilateral, para planificar una pr\u00f3xima reuni\u00f3n presidencial\u201d. Esa fue una de las conclusiones que se obtuvieron del di\u00e1logo, que las diplom\u00e1ticas mantuvieron ayer durante 4 horas en el Palacio de Najas, en Quito.<\/p>\n<p style=\"text-align: justify;\">El di\u00e1logo fue convocado por los cancilleres Ricardo Pati\u00f1o, de Ecuador, y Rodolfo Nin Novoa, de Uruguay, quienes actuaron como mediadores en representaci\u00f3n de la presidencia pro t\u00e9mpore de la Comunidad de Estados Latinoamericanos y Caribe\u00f1os (Celac) y de la Uni\u00f3n de Naciones Suramericanas (Unasur), respectivamente, que llevan adelante hasta enero de 2016.<\/p>\n<p style=\"text-align: justify;\">El Canciller ecuatoriano ley\u00f3 un manifiesto en el que dijo que continuar\u00e1n \u201ctrabajando de manera intensa\u201d. Seg\u00fan Pati\u00f1o, se ponen \u201ctodas las esperanzas en que los resultados de los di\u00e1logos que ahora han empezado puedan ser fruct\u00edferos para lograr mejores resultados en t\u00e9rminos de la relaci\u00f3n de los dos pa\u00edses hermanos y los pueblos\u201d.<\/p>\n<p style=\"text-align: justify;\">\u201cNuestro anhelo es que este inicio de las conversaciones pueda fructificar y alcanzar la realizaci\u00f3n del pr\u00f3ximo di\u00e1logo presidencial\u201d, dijo Pati\u00f1o, quien enfatiz\u00f3 que seguir\u00e1n trabajando en los pr\u00f3ximos d\u00edas. \u201cEsperamos que los resultados sean esperanzadores para el futuro de los dos pa\u00edses\u201d, concluy\u00f3.<\/p>\n<p style=\"text-align: justify;\">El encuentro se realiz\u00f3 desde las 16:00. El canciller uruguayo Rodolfo Nin Novoa fue el primero en arribar. A su ingreso, dijo que llega a \u201cayudar a que haya un entendimiento entre los pa\u00edses\u201d.<\/p>\n<p style=\"text-align: justify;\">\nCerca de las 15:30 arrib\u00f3 la canciller de Colombia, quien dijo estar agradecida con Ecuador por motivar el di\u00e1logo. \u201cLlegamos con el mejor \u00e1nimo\u201d, sostuvo. Sobre las salvaguardias a los productos importados por la frontera terrestre con Ecuador, Holgu\u00edn explic\u00f3 que convers\u00f3 ya con Pati\u00f1o, pero que seguro continuar\u00e1n hablando del tema.<\/p>\n<p style=\"text-align: justify;\">De su lado, la canciller de Venezuela, Delcy Rodr\u00edguez, dijo que llegaron \u201ca contar la verdad sobre lo que sucede en la frontera entre Colombia y Venezuela\u201d.<\/p>\n<p style=\"text-align: justify;\">La ministra venezolana arrib\u00f3 pasadas las 15:30. Anhel\u00f3 alcanzar las mejores condiciones previo a la reuni\u00f3n de presidentes. \u201cVenimos con el mejor de los esp\u00edritus, bolivariano\u201d, sostuvo.<\/p>\n<p style=\"text-align: justify;\">\nEn respuesta al problema lim\u00edtrofe que enfrentan Venezuela y Colombia por el cierre de la frontera, ambos organismos manifestaron su disposici\u00f3n a ayudar para resolver las diferencias entre las dos naciones. El encuentro de Quito fue el segundo de manera oficial. El primero se realiz\u00f3 el 26 de agosto en Cartagena, en donde no hubo ning\u00fan acuerdo. Durante toda la semana la diplomacia ecuatoriana se movi\u00f3 para lograr el encuentro.<\/p>\n<p style=\"text-align: justify;\">\n<p style=\"text-align: justify;\">El secretario de Unasur, Ernesto Samper, plante\u00f3 un programa de normalizaci\u00f3n en la frontera colombo-venezolana en el que ambas naciones trabajen contra el narcotr\u00e1fico, el paramilitarismo y el secuestro. Destac\u00f3 la voluntad de las cancilleres de ambos pa\u00edses para dialogar ayer en Quito.<\/p>\n","protected":false},"excerpt":{"rendered":"<p>Las cancilleres Mar\u00eda \u00c1ngela Holgu\u00edn, de Colombia, y Delcy Rodr\u00edguez, de Venezuela, llevar\u00e1n a consulta de sus presidentes, Juan Manuel<\/p>\n","protected":false},"author":1,"featured_media":0,"comment_status":"open","ping_status":"open","sticky":false,"template":"","format":"standard","meta":{"footnotes":""},"categories":[1],"tags":[],"_links":{"self":[{"href":"https:\/\/www.ecuadoraldia.com.ec\/index.php?rest_route=\/wp\/v2\/posts\/10398"}],"collection":[{"href":"https:\/\/www.ecuadoraldia.com.ec\/index.php?rest_route=\/wp\/v2\/posts"}],"about":[{"href":"https:\/\/www.ecuadoraldia.com.ec\/index.php?rest_route=\/wp\/v2\/types\/post"}],"author":[{"embeddable":true,"href":"https:\/\/www.ecuadoraldia.com.ec\/index.php?rest_route=\/wp\/v2\/users\/1"}],"replies":[{"embeddable":true,"href":"https:\/\/www.ecuadoraldia.com.ec\/index.php?rest_route=%2Fwp%2Fv2%2Fcomments&post=10398"}],"version-history":[{"count":1,"href":"https:\/\/www.ecuadoraldia.com.ec\/index.php?rest_route=\/wp\/v2\/posts\/10398\/revisions"}],"predecessor-version":[{"id":10400,"href":"https:\/\/www.ecuadoraldia.com.ec\/index.php?rest_route=\/wp\/v2\/posts\/10398\/revisions\/10400"}],"wp:attachment":[{"href":"https:\/\/www.ecuadoraldia.com.ec\/index.php?rest_route=%2Fwp%2Fv2%2Fmedia&parent=10398"}],"wp:term":[{"taxonomy":"category","embeddable":true,"href":"https:\/\/www.ecuadoraldia.com.ec\/index.php?rest_route=%2Fwp%2Fv2%2Fcategories&post=10398"},{"taxonomy":"post_tag","embeddable":true,"href":"https:\/\/www.ecuadoraldia.com.ec\/index.php?rest_route=%2Fwp%2Fv2%2Ftags&post=10398"}],"curies":[{"name":"wp","href":"https:\/\/api.w.org\/{rel}","templated":true}]}}