{"id":10401,"date":"2015-09-15T23:01:02","date_gmt":"2015-09-15T23:01:02","guid":{"rendered":"http:\/\/www.ecuadoraldia.com.ec\/?p=10401"},"modified":"2015-09-15T23:01:02","modified_gmt":"2015-09-15T23:01:02","slug":"los-incendios-forestales-afectan-a-8-provincias-del-pais","status":"publish","type":"post","link":"https:\/\/www.ecuadoraldia.com.ec\/?p=10401","title":{"rendered":"Los Incendios forestales afectan a 8 provincias del pa\u00eds"},"content":{"rendered":"<figure id=\"attachment_10402\" aria-describedby=\"caption-attachment-10402\" style=\"width: 300px\" class=\"wp-caption alignleft\"><a href=\"http:\/\/www.ecuadoraldia.com.ec\/wp-content\/uploads\/2015\/09\/16-09-15-INCENDIO.jpg\"><img loading=\"lazy\" decoding=\"async\" class=\"size-medium wp-image-10402\" src=\"http:\/\/www.ecuadoraldia.com.ec\/wp-content\/uploads\/2015\/09\/16-09-15-INCENDIO-300x205.jpg\" alt=\"foto el telegrafo\" width=\"300\" height=\"205\" srcset=\"https:\/\/www.ecuadoraldia.com.ec\/wp-content\/uploads\/2015\/09\/16-09-15-INCENDIO-300x205.jpg 300w, https:\/\/www.ecuadoraldia.com.ec\/wp-content\/uploads\/2015\/09\/16-09-15-INCENDIO.jpg 440w\" sizes=\"(max-width: 300px) 100vw, 300px\" \/><\/a><figcaption id=\"caption-attachment-10402\" class=\"wp-caption-text\">foto el telegrafo<\/figcaption><\/figure>\n<p style=\"text-align: justify;\">Los incendios forestales no paran en el distrito capitalino y el resto del Pa\u00eds. La tarde de este martes el COE provincial evalu\u00f3 la jornada conjuntamente con el Presidente de la rep\u00fablica Rafael Correa Delgado.<\/p>\n<p style=\"text-align: justify;\">En la reuni\u00f3n se acord\u00f3 trabajar en conjunto con los cuerpos de bomberos de varias provincias para contrarrestar los incendios. Incluso se hablo de cooperaci\u00f3n Internacional.<\/p>\n<p style=\"text-align: justify;\">El ministro coordinador de Seguridad, C\u00e9sar Navas, inform\u00f3 que se registran incendios forestales de impacto en las provincias de Azuay, Pichincha, Bol\u00edvar, Loja, Napo, Imbabura, Carchi y Chimborazo. Lo hizo en una rueda de prensa desde el ECU 911, en la que participan el presidente Rafael Correa y otras autoridades del sector seguridad.<\/p>\n<p style=\"text-align: justify;\">\u00abS\u00f3lo el d\u00eda de hoy se registraron 17 grandes incendios en el pa\u00eds\u00bb, dijo el Primer Mandatario. A\u00f1adi\u00f3 que se ha movilizado a bomberos de otras provincias para que colaboren en la atenci\u00f3n de las emergencias.<\/p>\n<p style=\"text-align: justify;\">Adem\u00e1s, Correa dijo que se est\u00e1n haciendo los contactos con las autoridades de otros pa\u00edses como Venezuela, Colombia, Per\u00fa y Brasil, \u00abpara tener mucho m\u00e1s equipo para enfrentar estos incendios\u00bb.<\/p>\n<p style=\"text-align: justify;\">Navas indic\u00f3 que, de forma preliminar, que 2 bomberos resultaron heridos durante las labores de sofocaci\u00f3n de un incendio en el cerro Auqui, en la capital.<\/p>\n<p style=\"text-align: justify;\">De su lado Christian Rivera, director general del Servicio Integrado de Seguridad ECU 911, se\u00f1al\u00f3 que se ha incrementado el n\u00famero de operadores debido a la intensidad de los incendios ocurridos.<\/p>\n<p style=\"text-align: justify;\">A\u00f1adi\u00f3 que se cuenta con 1200 evaluadores y 1400 servidores de todas las instituciones operativos a escala nacional.<\/p>\n<p style=\"text-align: justify;\">Tambi\u00e9n hizo un llamado para que la ciudadan\u00eda contin\u00fae denunciando a quienes generan los incendios.<\/p>\n<p style=\"text-align: justify;\">En ese sentido, el ministro del Interior, Jos\u00e9 Serrano, record\u00f3 que se ha activado el plan de recompensas de $ 50 mil d\u00f3lares, para quienes den informaci\u00f3n certera respecto a personas que hubiesen provocado los incendios.<\/p>\n<p style=\"text-align: justify;\">Serrano dijo que ya se han recibido 7 llamadas al plan de recompensas \u00abque nos han dado informaci\u00f3n, pr\u00e1cticamente en todas, bastante certeras, de datos concretos sobre individuos que estar\u00edan involucrados en estos hechos\u00bb.(i)<\/p>\n","protected":false},"excerpt":{"rendered":"<p>Los incendios forestales no paran en el distrito capitalino y el resto del Pa\u00eds. La tarde de este martes el<\/p>\n","protected":false},"author":1,"featured_media":0,"comment_status":"open","ping_status":"open","sticky":false,"template":"","format":"standard","meta":{"footnotes":""},"categories":[1],"tags":[],"_links":{"self":[{"href":"https:\/\/www.ecuadoraldia.com.ec\/index.php?rest_route=\/wp\/v2\/posts\/10401"}],"collection":[{"href":"https:\/\/www.ecuadoraldia.com.ec\/index.php?rest_route=\/wp\/v2\/posts"}],"about":[{"href":"https:\/\/www.ecuadoraldia.com.ec\/index.php?rest_route=\/wp\/v2\/types\/post"}],"author":[{"embeddable":true,"href":"https:\/\/www.ecuadoraldia.com.ec\/index.php?rest_route=\/wp\/v2\/users\/1"}],"replies":[{"embeddable":true,"href":"https:\/\/www.ecuadoraldia.com.ec\/index.php?rest_route=%2Fwp%2Fv2%2Fcomments&post=10401"}],"version-history":[{"count":1,"href":"https:\/\/www.ecuadoraldia.com.ec\/index.php?rest_route=\/wp\/v2\/posts\/10401\/revisions"}],"predecessor-version":[{"id":10403,"href":"https:\/\/www.ecuadoraldia.com.ec\/index.php?rest_route=\/wp\/v2\/posts\/10401\/revisions\/10403"}],"wp:attachment":[{"href":"https:\/\/www.ecuadoraldia.com.ec\/index.php?rest_route=%2Fwp%2Fv2%2Fmedia&parent=10401"}],"wp:term":[{"taxonomy":"category","embeddable":true,"href":"https:\/\/www.ecuadoraldia.com.ec\/index.php?rest_route=%2Fwp%2Fv2%2Fcategories&post=10401"},{"taxonomy":"post_tag","embeddable":true,"href":"https:\/\/www.ecuadoraldia.com.ec\/index.php?rest_route=%2Fwp%2Fv2%2Ftags&post=10401"}],"curies":[{"name":"wp","href":"https:\/\/api.w.org\/{rel}","templated":true}]}}