{"id":10404,"date":"2015-09-15T23:12:50","date_gmt":"2015-09-15T23:12:50","guid":{"rendered":"http:\/\/www.ecuadoraldia.com.ec\/?p=10404"},"modified":"2015-09-15T23:12:50","modified_gmt":"2015-09-15T23:12:50","slug":"nueva-base-impositiva-para-la-ley-de-herencias","status":"publish","type":"post","link":"https:\/\/www.ecuadoraldia.com.ec\/?p=10404","title":{"rendered":"Nueva base impositiva para la Ley de Herencias"},"content":{"rendered":"<p style=\"text-align: justify;\"><a href=\"http:\/\/www.ecuadoraldia.com.ec\/wp-content\/uploads\/2015\/09\/SENPLADES_ANUNCIO_.jpg\"><img loading=\"lazy\" decoding=\"async\" class=\"alignleft size-medium wp-image-10405\" src=\"http:\/\/www.ecuadoraldia.com.ec\/wp-content\/uploads\/2015\/09\/SENPLADES_ANUNCIO_-300x168.jpg\" alt=\"SENPLADES_ANUNCIO_\" width=\"300\" height=\"168\" srcset=\"https:\/\/www.ecuadoraldia.com.ec\/wp-content\/uploads\/2015\/09\/SENPLADES_ANUNCIO_-300x168.jpg 300w, https:\/\/www.ecuadoraldia.com.ec\/wp-content\/uploads\/2015\/09\/SENPLADES_ANUNCIO_.jpg 582w\" sizes=\"(max-width: 300px) 100vw, 300px\" \/><\/a>Representantes del Ejecutivo presentaron esta ma\u00f1ana el primer balance luego de 3 meses de convocado el Di\u00e1logo Nacional por la Equidad y la Justicia Social. Al acto asistieron Vinicio Alvarado, secretario de la Administraci\u00f3n P\u00fablica, Pabel Mu\u00f1oz, titular de la Secretar\u00eda Nacional de Planificaci\u00f3n (Senplades), y Paola Pab\u00f3n, secretaria nacional de la Pol\u00edtica (s).<\/p>\n<p style=\"text-align: justify;\">Mu\u00f1oz inform\u00f3 que en este proceso de di\u00e1logo se han realizado 2.173 encuentros y se ha conversado con 2.019 organizaciones sociales de todo el pa\u00eds.<\/p>\n<p style=\"text-align: justify;\">Luego de estos encuentros, seg\u00fan el funcionario, se disminuy\u00f3 el nivel de dudas y de rechazo a los proyectos de ley de plusval\u00eda y herencias.<\/p>\n<p style=\"text-align: justify;\">Mu\u00f1oz indic\u00f3 que ambos proyectos de normativas seguir\u00e1n siendo debatidas y que no se presentar\u00e1n nuevamente a la Asamblea hasta que no se cumpla con la segunda fase del di\u00e1logo nacional, que se prev\u00e9 se extienda hasta diciembre de este a\u00f1o.<\/p>\n<p style=\"text-align: justify;\">Como resultado de los di\u00e1logos en las provincias se ha planteado una modificaci\u00f3n en la tabla impositiva que se pretende incluir en la Ley de Herencias. As\u00ed se ha acordado con los sectores sociales ubicar una base de 480 salarios b\u00e1sicos unificados ($ 169.920) para patrimonios heredados. En el proyecto original se propon\u00eda que esa base sea a partir de las 100 salarios b\u00e1sicos unificados ($ 35.400).<\/p>\n<p style=\"text-align: justify;\">Las autoridades indicaron, adem\u00e1s, que en los pr\u00f3ximos d\u00edas se enviar\u00e1 a la Asamblea Nacional una propuesta para combatir los mecanismos de evasi\u00f3n fiscal.<\/p>\n<p style=\"text-align: justify;\">\u00abContinuaremos informando sobre proyectos de ley y fortaleceremos espacios de di\u00e1logos y participaci\u00f3n\u00bb, se\u00f1al\u00f3 Mu\u00f1oz. (I)<\/p>\n","protected":false},"excerpt":{"rendered":"<p>Representantes del Ejecutivo presentaron esta ma\u00f1ana el primer balance luego de 3 meses de convocado el Di\u00e1logo Nacional por la<\/p>\n","protected":false},"author":1,"featured_media":0,"comment_status":"open","ping_status":"open","sticky":false,"template":"","format":"standard","meta":{"footnotes":""},"categories":[3],"tags":[],"_links":{"self":[{"href":"https:\/\/www.ecuadoraldia.com.ec\/index.php?rest_route=\/wp\/v2\/posts\/10404"}],"collection":[{"href":"https:\/\/www.ecuadoraldia.com.ec\/index.php?rest_route=\/wp\/v2\/posts"}],"about":[{"href":"https:\/\/www.ecuadoraldia.com.ec\/index.php?rest_route=\/wp\/v2\/types\/post"}],"author":[{"embeddable":true,"href":"https:\/\/www.ecuadoraldia.com.ec\/index.php?rest_route=\/wp\/v2\/users\/1"}],"replies":[{"embeddable":true,"href":"https:\/\/www.ecuadoraldia.com.ec\/index.php?rest_route=%2Fwp%2Fv2%2Fcomments&post=10404"}],"version-history":[{"count":1,"href":"https:\/\/www.ecuadoraldia.com.ec\/index.php?rest_route=\/wp\/v2\/posts\/10404\/revisions"}],"predecessor-version":[{"id":10406,"href":"https:\/\/www.ecuadoraldia.com.ec\/index.php?rest_route=\/wp\/v2\/posts\/10404\/revisions\/10406"}],"wp:attachment":[{"href":"https:\/\/www.ecuadoraldia.com.ec\/index.php?rest_route=%2Fwp%2Fv2%2Fmedia&parent=10404"}],"wp:term":[{"taxonomy":"category","embeddable":true,"href":"https:\/\/www.ecuadoraldia.com.ec\/index.php?rest_route=%2Fwp%2Fv2%2Fcategories&post=10404"},{"taxonomy":"post_tag","embeddable":true,"href":"https:\/\/www.ecuadoraldia.com.ec\/index.php?rest_route=%2Fwp%2Fv2%2Ftags&post=10404"}],"curies":[{"name":"wp","href":"https:\/\/api.w.org\/{rel}","templated":true}]}}