{"id":10410,"date":"2015-09-15T23:16:13","date_gmt":"2015-09-15T23:16:13","guid":{"rendered":"http:\/\/www.ecuadoraldia.com.ec\/?p=10410"},"modified":"2015-09-15T23:16:13","modified_gmt":"2015-09-15T23:16:13","slug":"ecuador-invitara-al-alto-comisionado-de-la-onu-para-que-constate-situacion-de-derechos-humano","status":"publish","type":"post","link":"https:\/\/www.ecuadoraldia.com.ec\/?p=10410","title":{"rendered":"Ecuador invitar\u00e1 al alto comisionado de la ONU para que constate situaci\u00f3n de derechos humano"},"content":{"rendered":"<p style=\"text-align: justify;\"><a href=\"http:\/\/www.ecuadoraldia.com.ec\/wp-content\/uploads\/2015\/09\/CANCILLERLASSOS_.jpg\"><img loading=\"lazy\" decoding=\"async\" class=\"alignleft size-medium wp-image-10411\" src=\"http:\/\/www.ecuadoraldia.com.ec\/wp-content\/uploads\/2015\/09\/CANCILLERLASSOS_-300x257.jpg\" alt=\"CANCILLERLASSOS_\" width=\"300\" height=\"257\" srcset=\"https:\/\/www.ecuadoraldia.com.ec\/wp-content\/uploads\/2015\/09\/CANCILLERLASSOS_-300x257.jpg 300w, https:\/\/www.ecuadoraldia.com.ec\/wp-content\/uploads\/2015\/09\/CANCILLERLASSOS_.jpg 340w\" sizes=\"(max-width: 300px) 100vw, 300px\" \/><\/a>El canciller ecuatoriano dijo que el gobierno de Ecuador no ha sido contactado por el comisionado de la ONU para informar sobre el tema. Foto: Canciller\u00eda<\/p>\n<p style=\"text-align: justify;\">Agencia Andes<\/p>\n<p style=\"text-align: justify;\">El canciller de Ecuador, Xavier Lasso, llam\u00f3 al alto comisionado para los Derechos Humanos de la Organizaci\u00f3n de Naciones Unidas (ONU), Zeid Ra\u2019ad Al Hussein, que visite el pa\u00eds para que constate la situaci\u00f3n real de ese derecho en el pa\u00eds andino.<\/p>\n<p style=\"text-align: justify;\">Seg\u00fan informaci\u00f3n de medios nacionales, que no han podido ser verificadas independientemente por ANDES, el comisionado de la ONU habr\u00eda criticado la poca tolerancia del gobierno del presidente Rafael Correa frente a las protestas de sectores de oposici\u00f3n.<\/p>\n<p style=\"text-align: justify;\">De acuerdo a una versi\u00f3n le\u00edda en el canal Ecuavisa, Al Hussein habr\u00eda manifestado que la gente tiene el derecho a la libertad de expresi\u00f3n y la libre manifestaci\u00f3n, al comparar las protestas anticorrupci\u00f3n de \u201cHonduras con las \u00faltimas ocurridas en el pa\u00eds\u201d.<\/p>\n<p style=\"text-align: justify;\">El canciller ecuatoriano dijo que el gobierno de Ecuador no ha sido contactado por el comisionado de la ONU para informar sobre el tema.<\/p>\n<p style=\"text-align: justify;\">\u201cAqu\u00ed lo que hay es una falta de contrastaci\u00f3n. El alto comisionado no ha conversado con los representantes ecuatorianos, simplemente para contrastar, para tener una idea m\u00e1s redonda de lo que est\u00e1 pasando en Ecuador\u201d, expres\u00f3 el canciller.<\/p>\n<p style=\"text-align: justify;\">Anunci\u00f3 que pedir\u00e1n una cita para conversar con \u00e9l y es posible que se lo invite para que viaje a Ecuador y constate qu\u00e9 es lo que est\u00e1 pasando.<\/p>\n<p style=\"text-align: justify;\">Hizo un llamado tambi\u00e9n a los medios a observar el principio period\u00edstico de contrastaci\u00f3n de la informaci\u00f3n.<\/p>\n<p style=\"text-align: justify;\">\u201cNosotros vamos a intentar una conversaci\u00f3n con el alto comisionado para charlar, para verificar si lo que aparece publicado es lo que \u00e9l realmente dijo, si es lo que quiso decir\u201d, apostill\u00f3.<\/p>\n<p style=\"text-align: justify;\">En las protestas registradas en agosto resultaron heridos al menos 114 miembros de la fuerza p\u00fablica (polic\u00edas y militares) por las violencia de los activistas. (I)<\/p>\n","protected":false},"excerpt":{"rendered":"<p>El canciller ecuatoriano dijo que el gobierno de Ecuador no ha sido contactado por el comisionado de la ONU para<\/p>\n","protected":false},"author":1,"featured_media":0,"comment_status":"open","ping_status":"open","sticky":false,"template":"","format":"standard","meta":{"footnotes":""},"categories":[1],"tags":[],"_links":{"self":[{"href":"https:\/\/www.ecuadoraldia.com.ec\/index.php?rest_route=\/wp\/v2\/posts\/10410"}],"collection":[{"href":"https:\/\/www.ecuadoraldia.com.ec\/index.php?rest_route=\/wp\/v2\/posts"}],"about":[{"href":"https:\/\/www.ecuadoraldia.com.ec\/index.php?rest_route=\/wp\/v2\/types\/post"}],"author":[{"embeddable":true,"href":"https:\/\/www.ecuadoraldia.com.ec\/index.php?rest_route=\/wp\/v2\/users\/1"}],"replies":[{"embeddable":true,"href":"https:\/\/www.ecuadoraldia.com.ec\/index.php?rest_route=%2Fwp%2Fv2%2Fcomments&post=10410"}],"version-history":[{"count":1,"href":"https:\/\/www.ecuadoraldia.com.ec\/index.php?rest_route=\/wp\/v2\/posts\/10410\/revisions"}],"predecessor-version":[{"id":10412,"href":"https:\/\/www.ecuadoraldia.com.ec\/index.php?rest_route=\/wp\/v2\/posts\/10410\/revisions\/10412"}],"wp:attachment":[{"href":"https:\/\/www.ecuadoraldia.com.ec\/index.php?rest_route=%2Fwp%2Fv2%2Fmedia&parent=10410"}],"wp:term":[{"taxonomy":"category","embeddable":true,"href":"https:\/\/www.ecuadoraldia.com.ec\/index.php?rest_route=%2Fwp%2Fv2%2Fcategories&post=10410"},{"taxonomy":"post_tag","embeddable":true,"href":"https:\/\/www.ecuadoraldia.com.ec\/index.php?rest_route=%2Fwp%2Fv2%2Ftags&post=10410"}],"curies":[{"name":"wp","href":"https:\/\/api.w.org\/{rel}","templated":true}]}}