{"id":10413,"date":"2015-09-17T12:43:58","date_gmt":"2015-09-17T12:43:58","guid":{"rendered":"http:\/\/www.ecuadoraldia.com.ec\/?p=10413"},"modified":"2015-09-17T12:43:58","modified_gmt":"2015-09-17T12:43:58","slug":"8-muertos-un-desaparecido-y-un-millon-de-evacuados-dejo-el-terremoto-en-chile","status":"publish","type":"post","link":"https:\/\/www.ecuadoraldia.com.ec\/?p=10413","title":{"rendered":"8 muertos, un desaparecido y un mill\u00f3n de evacuados dej\u00f3 el terremoto en Chile"},"content":{"rendered":"<p style=\"text-align: justify;\"><a href=\"http:\/\/www.ecuadoraldia.com.ec\/wp-content\/uploads\/2015\/09\/16-09-15-terremoto-Chile.jpg\"><img loading=\"lazy\" decoding=\"async\" class=\"alignleft size-medium wp-image-10414\" src=\"http:\/\/www.ecuadoraldia.com.ec\/wp-content\/uploads\/2015\/09\/16-09-15-terremoto-Chile-300x200.jpg\" alt=\"16-09-15-terremoto-Chile\" width=\"300\" height=\"200\" srcset=\"https:\/\/www.ecuadoraldia.com.ec\/wp-content\/uploads\/2015\/09\/16-09-15-terremoto-Chile-300x200.jpg 300w, https:\/\/www.ecuadoraldia.com.ec\/wp-content\/uploads\/2015\/09\/16-09-15-terremoto-Chile.jpg 356w\" sizes=\"(max-width: 300px) 100vw, 300px\" \/><\/a>Agencia AFP. Ocho muertos y un desaparecido dejaba un potente terremoto de 8,3 grados que azot\u00f3 al centro y norte de Chile, uno de los pa\u00edses m\u00e1s s\u00edsmicos del mundo, donde a\u00fan se evaluaban los da\u00f1os ocasionados.<\/p>\n<p style=\"text-align: justify;\">Al anunciar el \u00faltimo reporte desde la Oficina Nacional de Emergencias (Onemi), en Santiago, el ministro del Interior y Seguridad, Jorge Burgos, lament\u00f3 la p\u00e9rdida de vidas, y resalt\u00f3 no obstante que la cifra preliminar de fallecidos \u00abes muy baja\u00bb en comparaci\u00f3n con la magnitud del fen\u00f3meno.<\/p>\n<p style=\"text-align: justify;\">El sismo se sinti\u00f3 a las 19:54 locales (17:54 de Ecuador) del mi\u00e9rcoles y activ\u00f3 de inmediato una alerta de tsunami en todo el borde costero chileno y varios pa\u00edses del Pac\u00edfico, que fue cancelada horas despu\u00e9s.<\/p>\n<p style=\"text-align: justify;\">\u00abSe trata de un terremoto de gran magnitud, que lo ubica como el terremoto m\u00e1s potente que ha tenido el mundo este 2015, pero los chilenos estamos acostumbrados\u00bb, agreg\u00f3 el ministro.<\/p>\n<p style=\"text-align: justify;\">Burgos situ\u00f3 a la regi\u00f3n de Coquimbo, en el norte chileno, como la zona m\u00e1s afectada por el terremoto, que tuvo su epicentro a 42 km al oeste de la peque\u00f1a localidad de Canela Baja, en el mar, seg\u00fan el \u00faltimo reporte oficial.<\/p>\n<p style=\"text-align: justify;\">Un nuevo tsunami<\/p>\n<p style=\"text-align: justify;\">Las zonas pobladas m\u00e1s afectada de acuerdo a los primeros informes ser\u00edan la localidad de Illapel, de unos 31.000 habitantes y a unos 230 km al norte de Santiago, as\u00ed como el pueblo costero de Tongoy, en la regi\u00f3n de Coquimbo, donde las olas arrasaron su borde costero.<\/p>\n<p style=\"text-align: justify;\">En Illapel, im\u00e1genes de la Televisi\u00f3n Nacional de Chile mostraban una decena de viviendas de adobe destruidas en el centro de la cuidad, mientras que en Tongoy, el paso de las olas gener\u00f3 gran destrucci\u00f3n en el centro de la localidad.<\/p>\n<p style=\"text-align: justify;\">\u00abLa ciudad est\u00e1 destruida. Aqu\u00ed fue terrible\u00bb, narr\u00f3 un vecino de Tongoy a TVN.<\/p>\n<p style=\"text-align: justify;\">El puerto de la ciudad de Coquimbo sufri\u00f3 tambi\u00e9n \u00abseveros da\u00f1os\u00bb, de acuerdo con las autoridades.<\/p>\n<p style=\"text-align: justify;\">La alerta de tsunami motiv\u00f3 la evacuaci\u00f3n hacia sectores altos de un total de un mill\u00f3n de personas, sin mayores complicaciones en todo el territorio nacional. La mayor\u00eda hab\u00eda retornado ya a sus hogares.<\/p>\n<p style=\"text-align: justify;\">\u00abSe evacu\u00f3 ordenadamente a casi un mill\u00f3n de chilenos y chilenas\u00bb, dijo Burgos.<\/p>\n<p style=\"text-align: justify;\">Casi 160.000 familias se encontraban a\u00fan sin energ\u00eda el\u00e9ctrica y se registraban 616 albergados, dijo por su parte Ricardo Toro, director de la Onemi.<\/p>\n<p style=\"text-align: justify;\">La presidenta Michelle Bachelet decret\u00f3 zona de cat\u00e1strofe para la provincia de Choapa (norte), donde se localiz\u00f3 el epicentro del sismo, lo cual implica que dicha regi\u00f3n queda bajo mando militar y el Estado entregar\u00e1 mayores recursos a la localidad para atender la emergencia.<\/p>\n<p style=\"text-align: justify;\">En conferencia de prensa a la medianoche la mandataria anunci\u00f3 que viajar\u00eda a primera hora del jueves a la zona del siniestro \u00abpara ver cu\u00e1les son las necesidades de apoyo. Queremos hacer una evaluaci\u00f3n precisa en terreno\u00bb.<\/p>\n<p style=\"text-align: justify;\">Las clases fueron suspendidas en las poblaciones costeras de la regi\u00f3n centro-norte.<\/p>\n<p style=\"text-align: justify;\">Decenas de r\u00e9plicas<\/p>\n<p style=\"text-align: justify;\">El Centro Sismol\u00f3gico Nacional(CSN) de Chile estim\u00f3 que el terremoto fue de 8,4 grados Richter, en tanto el Servicio Sismol\u00f3gico de Estados Unidos (USGS) lo situ\u00f3 en 8,3 grados de magnitud de momento.<\/p>\n<p style=\"text-align: justify;\">60 r\u00e9plicas, algunas de ellas de gran intensidad, continuaban registr\u00e1ndose entre el jueves y el amanecer del viernes.<\/p>\n<p style=\"text-align: justify;\">El movimiento tel\u00farico se sinti\u00f3 tambi\u00e9n en Argentina, especialmente en la zona fronteriza con Chile, pero tambi\u00e9n en su capital Buenos Aires, a m\u00e1s de 1.500 km al este del epicentro.<\/p>\n<p style=\"text-align: justify;\">En Santiago se vivieron escenas de p\u00e1nico y miles de personas evacuaron los edificios altos, pero no hubo cortes de energ\u00eda ni da\u00f1os mayores en infraestructura.<\/p>\n","protected":false},"excerpt":{"rendered":"<p>Agencia AFP. Ocho muertos y un desaparecido dejaba un potente terremoto de 8,3 grados que azot\u00f3 al centro y norte<\/p>\n","protected":false},"author":1,"featured_media":0,"comment_status":"open","ping_status":"open","sticky":false,"template":"","format":"standard","meta":{"footnotes":""},"categories":[1],"tags":[],"_links":{"self":[{"href":"https:\/\/www.ecuadoraldia.com.ec\/index.php?rest_route=\/wp\/v2\/posts\/10413"}],"collection":[{"href":"https:\/\/www.ecuadoraldia.com.ec\/index.php?rest_route=\/wp\/v2\/posts"}],"about":[{"href":"https:\/\/www.ecuadoraldia.com.ec\/index.php?rest_route=\/wp\/v2\/types\/post"}],"author":[{"embeddable":true,"href":"https:\/\/www.ecuadoraldia.com.ec\/index.php?rest_route=\/wp\/v2\/users\/1"}],"replies":[{"embeddable":true,"href":"https:\/\/www.ecuadoraldia.com.ec\/index.php?rest_route=%2Fwp%2Fv2%2Fcomments&post=10413"}],"version-history":[{"count":1,"href":"https:\/\/www.ecuadoraldia.com.ec\/index.php?rest_route=\/wp\/v2\/posts\/10413\/revisions"}],"predecessor-version":[{"id":10415,"href":"https:\/\/www.ecuadoraldia.com.ec\/index.php?rest_route=\/wp\/v2\/posts\/10413\/revisions\/10415"}],"wp:attachment":[{"href":"https:\/\/www.ecuadoraldia.com.ec\/index.php?rest_route=%2Fwp%2Fv2%2Fmedia&parent=10413"}],"wp:term":[{"taxonomy":"category","embeddable":true,"href":"https:\/\/www.ecuadoraldia.com.ec\/index.php?rest_route=%2Fwp%2Fv2%2Fcategories&post=10413"},{"taxonomy":"post_tag","embeddable":true,"href":"https:\/\/www.ecuadoraldia.com.ec\/index.php?rest_route=%2Fwp%2Fv2%2Ftags&post=10413"}],"curies":[{"name":"wp","href":"https:\/\/api.w.org\/{rel}","templated":true}]}}