{"id":10416,"date":"2015-09-17T12:47:41","date_gmt":"2015-09-17T12:47:41","guid":{"rendered":"http:\/\/www.ecuadoraldia.com.ec\/?p=10416"},"modified":"2015-09-17T12:47:41","modified_gmt":"2015-09-17T12:47:41","slug":"ejecutivo-enviara-a-la-asamblea-reforma-a-ley-de-herencias-para-evitar-evasion-en-fideicomisos","status":"publish","type":"post","link":"https:\/\/www.ecuadoraldia.com.ec\/?p=10416","title":{"rendered":"Ejecutivo enviar\u00e1 a la Asamblea reforma a ley de herencias para evitar evasi\u00f3n en fideicomisos"},"content":{"rendered":"<p style=\"text-align: justify;\"><a href=\"http:\/\/www.ecuadoraldia.com.ec\/wp-content\/uploads\/2015\/09\/FIDEICOMISOSHERENCIAS.jpg\"><img loading=\"lazy\" decoding=\"async\" class=\"alignleft size-medium wp-image-10417\" src=\"http:\/\/www.ecuadoraldia.com.ec\/wp-content\/uploads\/2015\/09\/FIDEICOMISOSHERENCIAS-300x163.jpg\" alt=\"FIDEICOMISOSHERENCIAS\" width=\"300\" height=\"163\" srcset=\"https:\/\/www.ecuadoraldia.com.ec\/wp-content\/uploads\/2015\/09\/FIDEICOMISOSHERENCIAS-300x163.jpg 300w, https:\/\/www.ecuadoraldia.com.ec\/wp-content\/uploads\/2015\/09\/FIDEICOMISOSHERENCIAS.jpg 306w\" sizes=\"(max-width: 300px) 100vw, 300px\" \/><\/a>El presidente de la Rep\u00fablica, Rafael Correa, reiter\u00f3 que durante los di\u00e1logos por la equidad y la justicia social se acord\u00f3 establecer una nueva base de 480 salarios b\u00e1sicos unificados ($ 169.920) para los patrimonios familiares heredados.<\/p>\n<p style=\"text-align: justify;\">En el proyecto original, aquel que se present\u00f3 en junio pasado, se propuso que la base sea a partir de los 100 sueldos b\u00e1sicos ($ 35.400).<\/p>\n<p style=\"text-align: justify;\">\u00ab\u00bfCu\u00e1ntos ecuatorianos en su vida van a recibir una herencia de m\u00e1s de 170 mil d\u00f3lares?\u00bb, pregunt\u00f3 el Mandatario y explic\u00f3 que \u00absi alguien tiene 1 mill\u00f3n de d\u00f3lares, la mitad para la esposa, 500 mil para 3 hijos, ya dio menos de 170 mil, se paga cero\u00bb.<\/p>\n<p style=\"text-align: justify;\">\u00abNo nos interesaba recaudar, nos interesaba que los m\u00e1s ricos, los que nacen en cuna de oro, le den un poquito a los que nacen sin cuna. Eso se llama justicia social\u00bb, apunt\u00f3 Correa en un conversatorio con medios de comunicaci\u00f3n en Cuenca.<\/p>\n<p style=\"text-align: justify;\">Asimismo dijo que por esta normativa pueden reclamar los ricos, \u00abpero que reclamen los empresarios no tiene sentido, porque el impuesto no afecta a los costos de producci\u00f3n, no afecta la competitividad\u00bb.<\/p>\n<p style=\"text-align: justify;\">El Jefe de Estado dijo que se lleg\u00f3 al acuerdo con los empresarios de que se manten\u00eda la misma tabla para los negocios en marcha.<\/p>\n<p style=\"text-align: justify;\">\u00ab\u00bfD\u00f3nde se est\u00e1 proponiendo mayores impuestos? Para las tierras bald\u00edas que recibo, para la finca con piscinas, para el dep\u00f3sito de 2 millones de d\u00f3lares, lo que se llaman bienes improductivos\u00bb, apunt\u00f3.<\/p>\n<p style=\"text-align: justify;\">El otro acuerdo nacional, dijo Correa, es que lo recaudado ser\u00e1 destinado a fines sociales. \u00abTodo ese dinero va a estar destinado a becas, sobre todo para ind\u00edgenas y afroecuatorianos, las minor\u00edas \u00e9tnicas que siempre han sido excluidas\u00bb.<\/p>\n<p style=\"text-align: justify;\">Lea tambi\u00e9n: Las becas para ind\u00edgenas y afros se financiar\u00e1n con fondos cobrados a evasores del impuesto a la herencia<\/p>\n<p style=\"text-align: justify;\">Correa mencion\u00f3 que otro acuerdo que surgi\u00f3 de los di\u00e1logos fue \u00abla tolerancia cero a la corrupci\u00f3n, a la deshonestidad\u00bb. De all\u00ed que anunci\u00f3 que en los pr\u00f3ximos d\u00edas enviar\u00e1 a la Asamblea Nacional una reforma a la Ley de Herencias para evitar la evasi\u00f3n.<\/p>\n<p style=\"text-align: justify;\">\u00ab\u00bfC\u00f3mo se evade? Mandando la plata afuera, a fideicomisos. Ojal\u00e1 que entiendan por qu\u00e9 tuvimos la reacci\u00f3n de poderosos actores pol\u00edticos, representantes de la oligarqu\u00eda, porque ellos tienen su plata afuera, en fideicomisos en las Bahamas, para\u00edsos fiscales, fundaciones en Panam\u00e1\u00bb, subray\u00f3 el Presidente.<\/p>\n<p style=\"text-align: justify;\">\u00abSi ma\u00f1ana una de estas personas muere, no tiene nada. Todo est\u00e1 en la fundaci\u00f3n en Panam\u00e1 y no paga impuesto a la Ley de Herencia\u00bb, explic\u00f3 Correa al reiterar que para evitar esa evasi\u00f3n se enviar\u00e1 al Legislativo una reforma \u00abpara que esos fideicomisos extranjeros, esas fundaciones, paguen impuesto a la herencia\u00bb.<\/p>\n","protected":false},"excerpt":{"rendered":"<p>El presidente de la Rep\u00fablica, Rafael Correa, reiter\u00f3 que durante los di\u00e1logos por la equidad y la justicia social se<\/p>\n","protected":false},"author":1,"featured_media":0,"comment_status":"open","ping_status":"open","sticky":false,"template":"","format":"standard","meta":{"footnotes":""},"categories":[3],"tags":[],"_links":{"self":[{"href":"https:\/\/www.ecuadoraldia.com.ec\/index.php?rest_route=\/wp\/v2\/posts\/10416"}],"collection":[{"href":"https:\/\/www.ecuadoraldia.com.ec\/index.php?rest_route=\/wp\/v2\/posts"}],"about":[{"href":"https:\/\/www.ecuadoraldia.com.ec\/index.php?rest_route=\/wp\/v2\/types\/post"}],"author":[{"embeddable":true,"href":"https:\/\/www.ecuadoraldia.com.ec\/index.php?rest_route=\/wp\/v2\/users\/1"}],"replies":[{"embeddable":true,"href":"https:\/\/www.ecuadoraldia.com.ec\/index.php?rest_route=%2Fwp%2Fv2%2Fcomments&post=10416"}],"version-history":[{"count":1,"href":"https:\/\/www.ecuadoraldia.com.ec\/index.php?rest_route=\/wp\/v2\/posts\/10416\/revisions"}],"predecessor-version":[{"id":10418,"href":"https:\/\/www.ecuadoraldia.com.ec\/index.php?rest_route=\/wp\/v2\/posts\/10416\/revisions\/10418"}],"wp:attachment":[{"href":"https:\/\/www.ecuadoraldia.com.ec\/index.php?rest_route=%2Fwp%2Fv2%2Fmedia&parent=10416"}],"wp:term":[{"taxonomy":"category","embeddable":true,"href":"https:\/\/www.ecuadoraldia.com.ec\/index.php?rest_route=%2Fwp%2Fv2%2Fcategories&post=10416"},{"taxonomy":"post_tag","embeddable":true,"href":"https:\/\/www.ecuadoraldia.com.ec\/index.php?rest_route=%2Fwp%2Fv2%2Ftags&post=10416"}],"curies":[{"name":"wp","href":"https:\/\/api.w.org\/{rel}","templated":true}]}}