{"id":10421,"date":"2015-09-17T21:57:35","date_gmt":"2015-09-17T21:57:35","guid":{"rendered":"http:\/\/www.ecuadoraldia.com.ec\/?p=10421"},"modified":"2015-09-17T21:57:35","modified_gmt":"2015-09-17T21:57:35","slug":"niveles-muy-altos-de-radiacion-ultravioleta-se-miden-en-quito","status":"publish","type":"post","link":"https:\/\/www.ecuadoraldia.com.ec\/?p=10421","title":{"rendered":"Niveles muy altos de radiaci\u00f3n ultravioleta se miden en Quito"},"content":{"rendered":"<p style=\"text-align: justify;\"><a href=\"http:\/\/www.ecuadoraldia.com.ec\/wp-content\/uploads\/2015\/09\/images1.jpg\"><img loading=\"lazy\" decoding=\"async\" class=\"alignleft size-full wp-image-10422\" src=\"http:\/\/www.ecuadoraldia.com.ec\/wp-content\/uploads\/2015\/09\/images1.jpg\" alt=\"images\" width=\"257\" height=\"196\" \/><\/a>La Secretar\u00eda de Ambiente del Municipio de Quito contabiliz\u00f3 dos d\u00edas de alta radiaci\u00f3n en Quito. Seg\u00fan la entidad, desde las 10:00 hasta el cierre de este bolet\u00edn (13:00) del jueves, los niveles de radiaci\u00f3n ultravioleta en el Distrito Metropolitano estuvieron en 15, es decir en \u00abmuy alto\u00bb, lo que significa que si va a salir a la calle debe protegerse de manera adecuada.<\/p>\n<p style=\"text-align: justify;\">La Red de Monitoreo de la Calidad del Aire de la Secretar\u00eda de Ambiente tambi\u00e9n analiz\u00f3 la radiaci\u00f3n del martes y mi\u00e9rcoles de esta semana, en donde se determin\u00f3 valores muy altos, que fluct\u00faan entre 9 a 14.<\/p>\n<p style=\"text-align: justify;\">La escala utilizada para medir la radiaci\u00f3n ultravioleta es de: 0 \u2013 3 muy bajo, 4 \u2013 5 bajo, 6 \u2013 7 moderado, 8 \u2013 10 alto, 11 \u2013 15 muy alto y 16 o m\u00e1s extremo.<\/p>\n<p style=\"text-align: justify;\">Por ello sugirieron utilizar camisas de manga larga, sombrero de ala ancha y gafas adecuadas, adem\u00e1s utilizar bloqueadores solares de acuerdo a su tipo de piel.<\/p>\n<p style=\"text-align: justify;\">Seg\u00fan la entidad, las exposiciones elevadas de radiaci\u00f3n ultravioleta (UV) pueden provocar da\u00f1os a la piel, a los ojos y al sistema inmunol\u00f3gico, afectan gravemente a la poblaci\u00f3n a\u00fan mucho tiempo despu\u00e9s de haberse producido la exposici\u00f3<\/p>\n","protected":false},"excerpt":{"rendered":"<p>La Secretar\u00eda de Ambiente del Municipio de Quito contabiliz\u00f3 dos d\u00edas de alta radiaci\u00f3n en Quito. Seg\u00fan la entidad, desde<\/p>\n","protected":false},"author":1,"featured_media":0,"comment_status":"open","ping_status":"open","sticky":false,"template":"","format":"standard","meta":{"footnotes":""},"categories":[14],"tags":[],"_links":{"self":[{"href":"https:\/\/www.ecuadoraldia.com.ec\/index.php?rest_route=\/wp\/v2\/posts\/10421"}],"collection":[{"href":"https:\/\/www.ecuadoraldia.com.ec\/index.php?rest_route=\/wp\/v2\/posts"}],"about":[{"href":"https:\/\/www.ecuadoraldia.com.ec\/index.php?rest_route=\/wp\/v2\/types\/post"}],"author":[{"embeddable":true,"href":"https:\/\/www.ecuadoraldia.com.ec\/index.php?rest_route=\/wp\/v2\/users\/1"}],"replies":[{"embeddable":true,"href":"https:\/\/www.ecuadoraldia.com.ec\/index.php?rest_route=%2Fwp%2Fv2%2Fcomments&post=10421"}],"version-history":[{"count":1,"href":"https:\/\/www.ecuadoraldia.com.ec\/index.php?rest_route=\/wp\/v2\/posts\/10421\/revisions"}],"predecessor-version":[{"id":10423,"href":"https:\/\/www.ecuadoraldia.com.ec\/index.php?rest_route=\/wp\/v2\/posts\/10421\/revisions\/10423"}],"wp:attachment":[{"href":"https:\/\/www.ecuadoraldia.com.ec\/index.php?rest_route=%2Fwp%2Fv2%2Fmedia&parent=10421"}],"wp:term":[{"taxonomy":"category","embeddable":true,"href":"https:\/\/www.ecuadoraldia.com.ec\/index.php?rest_route=%2Fwp%2Fv2%2Fcategories&post=10421"},{"taxonomy":"post_tag","embeddable":true,"href":"https:\/\/www.ecuadoraldia.com.ec\/index.php?rest_route=%2Fwp%2Fv2%2Ftags&post=10421"}],"curies":[{"name":"wp","href":"https:\/\/api.w.org\/{rel}","templated":true}]}}