{"id":10424,"date":"2015-09-17T21:58:59","date_gmt":"2015-09-17T21:58:59","guid":{"rendered":"http:\/\/www.ecuadoraldia.com.ec\/?p=10424"},"modified":"2015-09-17T21:58:59","modified_gmt":"2015-09-17T21:58:59","slug":"china-y-ecuador-abriran-laboratorio-4g-en-yachay","status":"publish","type":"post","link":"https:\/\/www.ecuadoraldia.com.ec\/?p=10424","title":{"rendered":"China y Ecuador abrir\u00e1n laboratorio 4G en Yachay"},"content":{"rendered":"<figure id=\"attachment_10425\" aria-describedby=\"caption-attachment-10425\" style=\"width: 300px\" class=\"wp-caption alignleft\"><a href=\"http:\/\/www.ecuadoraldia.com.ec\/wp-content\/uploads\/2015\/09\/CORREA-Y-CHINO.jpg\"><img loading=\"lazy\" decoding=\"async\" class=\"size-medium wp-image-10425\" src=\"http:\/\/www.ecuadoraldia.com.ec\/wp-content\/uploads\/2015\/09\/CORREA-Y-CHINO-300x142.jpg\" alt=\"El presidente Rafael Correa se reuni\u00f3 esta ma\u00f1ana con el ministro de Ciencia y Tecnolog\u00eda de China, Wang Gang.\" width=\"300\" height=\"142\" srcset=\"https:\/\/www.ecuadoraldia.com.ec\/wp-content\/uploads\/2015\/09\/CORREA-Y-CHINO-300x142.jpg 300w, https:\/\/www.ecuadoraldia.com.ec\/wp-content\/uploads\/2015\/09\/CORREA-Y-CHINO.jpg 635w\" sizes=\"(max-width: 300px) 100vw, 300px\" \/><\/a><figcaption id=\"caption-attachment-10425\" class=\"wp-caption-text\">El presidente Rafael Correa se reuni\u00f3 esta ma\u00f1ana con el ministro de Ciencia y Tecnolog\u00eda de China, Wang Gang.<\/figcaption><\/figure>\n<p>Gang visita el pa\u00eds en el marco del Foro Celac-China, que fue el encuentro que se consolid\u00f3 entre los mandatarios de los 2 pa\u00edses en enero de este a\u00f1o. Ecuador mantiene la presidencia pro tempore de la Celac hasta enero de 2016.<\/p>\n<p>El encuentro se realiz\u00f3 en el Ministerio del Deporte, durante 45 minutos. Al t\u00e9rmino del encuentro, Ren\u00e9 Ram\u00edrez, secretario titular de la Secretar\u00eda Nacional de Ciencia y Tecnolog\u00eda (Senecyt), el canciller subrrogante Xavier Lasso y el ministro chino rindieron declaraciones a la prensa.<\/p>\n<p>Lasso inform\u00f3 que los presidentes Rafael Correa, de Ecuador y Xi Jinping, de China, se reunir\u00e1n el 27 de septiembre, en Estados Unidos, en el marco del 70\u00b0 per\u00edodo de sesiones de la Asamblea General de la Organizaci\u00f3n de Naciones Unidas (ONU).<\/p>\n<p>El canciller subrogante inform\u00f3 que el encuentro ser\u00e1 netamente \u00abpol\u00edtico\u00bb.<\/p>\n<p>As\u00ed tambi\u00e9n, Ram\u00edrez destac\u00f3 la inversi\u00f3n de China, en cuanto a ciencia y tecnolog\u00eda. Inform\u00f3 que en planes est\u00e1 la creaci\u00f3n de laboratorios binacionales, entre ellos, el Laboratorio 4G, que funcionar\u00e1 en Yachay.<\/p>\n<p>Tambi\u00e9n inform\u00f3 que ese pa\u00eds ofrece 60 becas a los servidores p\u00fablicos. \u00abEsperamos que la capacitaci\u00f3n se profundice, a trav\u00e9s de la investigaci\u00f3n\u00bb.<\/p>\n<p>Adem\u00e1s, detall\u00f3 que se abrir\u00e1 un aula Confusio para ense\u00f1anza del mandar\u00edn a los estudiantes de Yachay; en un futuro se tiene previsto abrir un centro Confusio permanente para estudio del idioma. \u00abLas relaciones China-Celac-Ecuador se fortalecieron\u00bb, dijo Ram\u00edrez<\/p>\n<p>Gang destac\u00f3 el trabajo en los laboratorios binacionales, as\u00ed como en los parques de alta tecnolog\u00eda. Afirm\u00f3 que el Laboratorio 4G permitir\u00e1 una comunicaci\u00f3n sin cable. Asever\u00f3 que su pa\u00eds analiza la posibilidad de apoyar al Ecuador en investigaci\u00f3n en biotecnolog\u00eda y agricultura en Yachay. \u00abHay una profunda y tradicional amistad entre 2 pueblos, hay aportes en salud, deporte, ciencia y tecnolog\u00eda, entre otros\u00bb, dijo. (I)<\/p>\n","protected":false},"excerpt":{"rendered":"<p>Gang visita el pa\u00eds en el marco del Foro Celac-China, que fue el encuentro que se consolid\u00f3 entre los mandatarios<\/p>\n","protected":false},"author":1,"featured_media":0,"comment_status":"open","ping_status":"open","sticky":false,"template":"","format":"standard","meta":{"footnotes":""},"categories":[4],"tags":[],"_links":{"self":[{"href":"https:\/\/www.ecuadoraldia.com.ec\/index.php?rest_route=\/wp\/v2\/posts\/10424"}],"collection":[{"href":"https:\/\/www.ecuadoraldia.com.ec\/index.php?rest_route=\/wp\/v2\/posts"}],"about":[{"href":"https:\/\/www.ecuadoraldia.com.ec\/index.php?rest_route=\/wp\/v2\/types\/post"}],"author":[{"embeddable":true,"href":"https:\/\/www.ecuadoraldia.com.ec\/index.php?rest_route=\/wp\/v2\/users\/1"}],"replies":[{"embeddable":true,"href":"https:\/\/www.ecuadoraldia.com.ec\/index.php?rest_route=%2Fwp%2Fv2%2Fcomments&post=10424"}],"version-history":[{"count":1,"href":"https:\/\/www.ecuadoraldia.com.ec\/index.php?rest_route=\/wp\/v2\/posts\/10424\/revisions"}],"predecessor-version":[{"id":10426,"href":"https:\/\/www.ecuadoraldia.com.ec\/index.php?rest_route=\/wp\/v2\/posts\/10424\/revisions\/10426"}],"wp:attachment":[{"href":"https:\/\/www.ecuadoraldia.com.ec\/index.php?rest_route=%2Fwp%2Fv2%2Fmedia&parent=10424"}],"wp:term":[{"taxonomy":"category","embeddable":true,"href":"https:\/\/www.ecuadoraldia.com.ec\/index.php?rest_route=%2Fwp%2Fv2%2Fcategories&post=10424"},{"taxonomy":"post_tag","embeddable":true,"href":"https:\/\/www.ecuadoraldia.com.ec\/index.php?rest_route=%2Fwp%2Fv2%2Ftags&post=10424"}],"curies":[{"name":"wp","href":"https:\/\/api.w.org\/{rel}","templated":true}]}}