{"id":10427,"date":"2015-09-17T22:01:28","date_gmt":"2015-09-17T22:01:28","guid":{"rendered":"http:\/\/www.ecuadoraldia.com.ec\/?p=10427"},"modified":"2015-09-17T22:01:28","modified_gmt":"2015-09-17T22:01:28","slug":"la-asamblea-dio-la-bienvenida-a-parlamentarias-de-america-latina-en-el-ii-foro-beijing-20","status":"publish","type":"post","link":"https:\/\/www.ecuadoraldia.com.ec\/?p=10427","title":{"rendered":"La Asamblea dio la bienvenida a parlamentarias de Am\u00e9rica Latina en el II Foro Beijing +20"},"content":{"rendered":"<p><a href=\"http:\/\/www.ecuadoraldia.com.ec\/wp-content\/uploads\/2015\/09\/beijing_.jpg\"><img loading=\"lazy\" decoding=\"async\" class=\"alignleft size-medium wp-image-10428\" src=\"http:\/\/www.ecuadoraldia.com.ec\/wp-content\/uploads\/2015\/09\/beijing_-300x199.jpg\" alt=\"beijing_\" width=\"300\" height=\"199\" srcset=\"https:\/\/www.ecuadoraldia.com.ec\/wp-content\/uploads\/2015\/09\/beijing_-300x199.jpg 300w, https:\/\/www.ecuadoraldia.com.ec\/wp-content\/uploads\/2015\/09\/beijing_.jpg 635w\" sizes=\"(max-width: 300px) 100vw, 300px\" \/><\/a>El II Foro Parlamentario Beijing +20 comenz\u00f3 la ma\u00f1ana de este viernes 17 de septiembre de 2015 en la Asamblea Nacional. En el evento participan legisladores de Am\u00e9rica Latina que debatir\u00e1n sobre los desaf\u00edos y retos que deben superarse para alcanzar la equidad de g\u00e9nero.<\/p>\n<p style=\"text-align: justify;\">Las parlamentarias tambi\u00e9n analizar\u00e1n c\u00f3mo se han desarrollado los avances en la implementaci\u00f3n de la Declaraci\u00f3n y Plataforma de Acci\u00f3n Beijing, \u00abque es el documento resultante de la Cuarta Conferencia Mundial sobre la Mujer, celebrada por Naciones Unidas (ONU) en China, en 1995\u00bb. Con este acuerdo se busca que las mujeres y ni\u00f1as del mundo puedan ejercer sus libertades y que se cumplan sus derechos.<\/p>\n<p style=\"text-align: justify;\">\u00bfCu\u00e1les son esos derechos? Vivir sin violencia, asistir a la escuela, pariticipar en las decisiones y tener una remuneraci\u00f3n salarial pareja por el trabajo que hacen.<\/p>\n<p style=\"text-align: justify;\">Gabriela Rivadeneira, presidenta de la Asamblea y Gina Godoy, titular del Grupo de Mujeres Parlamentarias de Parlam\u00e9ricas, dieron la bienvenida a las legisladoras que llegaron de otros pa\u00edses.<\/p>\n<p style=\"text-align: justify;\">Hoy se abordar\u00e1n tres temas en el Foro: mujeres y econom\u00eda desde la sostenibilidad de la vida, el poder de los medios de comunicaci\u00f3n en la igualdad de de g\u00e9nero y ni\u00f1a: igualdad en derechos y oportunidades. (I)<\/p>\n","protected":false},"excerpt":{"rendered":"<p>El II Foro Parlamentario Beijing +20 comenz\u00f3 la ma\u00f1ana de este viernes 17 de septiembre de 2015 en la Asamblea<\/p>\n","protected":false},"author":1,"featured_media":0,"comment_status":"open","ping_status":"open","sticky":false,"template":"","format":"standard","meta":{"footnotes":""},"categories":[3],"tags":[],"_links":{"self":[{"href":"https:\/\/www.ecuadoraldia.com.ec\/index.php?rest_route=\/wp\/v2\/posts\/10427"}],"collection":[{"href":"https:\/\/www.ecuadoraldia.com.ec\/index.php?rest_route=\/wp\/v2\/posts"}],"about":[{"href":"https:\/\/www.ecuadoraldia.com.ec\/index.php?rest_route=\/wp\/v2\/types\/post"}],"author":[{"embeddable":true,"href":"https:\/\/www.ecuadoraldia.com.ec\/index.php?rest_route=\/wp\/v2\/users\/1"}],"replies":[{"embeddable":true,"href":"https:\/\/www.ecuadoraldia.com.ec\/index.php?rest_route=%2Fwp%2Fv2%2Fcomments&post=10427"}],"version-history":[{"count":1,"href":"https:\/\/www.ecuadoraldia.com.ec\/index.php?rest_route=\/wp\/v2\/posts\/10427\/revisions"}],"predecessor-version":[{"id":10429,"href":"https:\/\/www.ecuadoraldia.com.ec\/index.php?rest_route=\/wp\/v2\/posts\/10427\/revisions\/10429"}],"wp:attachment":[{"href":"https:\/\/www.ecuadoraldia.com.ec\/index.php?rest_route=%2Fwp%2Fv2%2Fmedia&parent=10427"}],"wp:term":[{"taxonomy":"category","embeddable":true,"href":"https:\/\/www.ecuadoraldia.com.ec\/index.php?rest_route=%2Fwp%2Fv2%2Fcategories&post=10427"},{"taxonomy":"post_tag","embeddable":true,"href":"https:\/\/www.ecuadoraldia.com.ec\/index.php?rest_route=%2Fwp%2Fv2%2Ftags&post=10427"}],"curies":[{"name":"wp","href":"https:\/\/api.w.org\/{rel}","templated":true}]}}