{"id":10433,"date":"2015-09-17T22:05:51","date_gmt":"2015-09-17T22:05:51","guid":{"rendered":"http:\/\/www.ecuadoraldia.com.ec\/?p=10433"},"modified":"2015-09-17T22:05:51","modified_gmt":"2015-09-17T22:05:51","slug":"unasur-confia-en-que-cita-santos-maduro-ponga-fin-a-la-crisis-fronteriza","status":"publish","type":"post","link":"https:\/\/www.ecuadoraldia.com.ec\/?p=10433","title":{"rendered":"Unasur conf\u00eda en que cita Santos-Maduro ponga fin a la crisis fronteriza"},"content":{"rendered":"<figure id=\"attachment_10434\" aria-describedby=\"caption-attachment-10434\" style=\"width: 300px\" class=\"wp-caption alignleft\"><a href=\"http:\/\/www.ecuadoraldia.com.ec\/wp-content\/uploads\/2015\/09\/SANTOS_MADURO_.jpg\"><img loading=\"lazy\" decoding=\"async\" class=\"size-medium wp-image-10434\" src=\"http:\/\/www.ecuadoraldia.com.ec\/wp-content\/uploads\/2015\/09\/SANTOS_MADURO_-300x187.jpg\" alt=\"foto archivo\" width=\"300\" height=\"187\" srcset=\"https:\/\/www.ecuadoraldia.com.ec\/wp-content\/uploads\/2015\/09\/SANTOS_MADURO_-300x187.jpg 300w, https:\/\/www.ecuadoraldia.com.ec\/wp-content\/uploads\/2015\/09\/SANTOS_MADURO_.jpg 635w\" sizes=\"(max-width: 300px) 100vw, 300px\" \/><\/a><figcaption id=\"caption-attachment-10434\" class=\"wp-caption-text\">foto archivo<\/figcaption><\/figure>\n<p style=\"text-align: justify;\">La secretar\u00eda General de la Uni\u00f3n de Naciones Suramericanas (Unasur) conf\u00eda en que la reuni\u00f3n del pr\u00f3ximo lunes en Quito entre los presidentes de Colombia y Venezuela ponga fin a la crisis diplom\u00e1tica y fronteriza que deja unos 1.500 colombianos deportados, se\u00f1al\u00f3 el jueves el organismo.<\/p>\n<p style=\"text-align: justify;\">\u00abLa secretar\u00eda General de Unasur formula sus mejores votos por el buen suceso de los di\u00e1logos del pr\u00f3ximo lunes, que encontrar\u00edan soluci\u00f3n a la crisis que ha afectado a los hermanos colombianos y venezolanos\u00bb, apunt\u00f3 el bloque en un comunicado.<\/p>\n<p style=\"text-align: justify;\">El lunes, los presidentes Juan Manuel Santos y Nicol\u00e1s Maduro se reunir\u00e1n en Quito a partir de las 14:00 locales (19:00 GMT) para tratar de resolver la crisis bilateral que empez\u00f3 el 19 de agosto, cuando Caracas declar\u00f3 el estado de excepci\u00f3n y cerr\u00f3 puntos fronterizos.<\/p>\n<p style=\"text-align: justify;\">Venezuela justific\u00f3 los cierres fronterizos como una medida para combatir el paramilitarismo colombiano y el contrabando en la zona lim\u00edtrofe, a ra\u00edz de un ataque a militares venezolanos que dej\u00f3 tres heridos.<\/p>\n<p style=\"text-align: justify;\">Desde entonces han sido deportados 1.482 colombianos y casi 20.000 han retornado por miedo a ser expulsados, seg\u00fan cifras de la ONU.<\/p>\n<p style=\"text-align: justify;\">De su lado, Colombia denunci\u00f3 un \u00abdrama humanitario\u00bb en la frontera por la arbitrariedad con la que, seg\u00fan sus autoridades, han actuado los militares venezolanos al propiciar el \u00e9xodo de miles de colombianos.<\/p>\n<p style=\"text-align: justify;\">La secretar\u00eda de Unasur, cuya sede est\u00e1 en Ecuador, agreg\u00f3 que \u00abel camino del di\u00e1logo bilateral (&#8230;) debe seguir siendo el mejor escenario para que los pa\u00edses de Unasur resuelvan sus diferencias de frontera\u00bb.<\/p>\n<p style=\"text-align: justify;\">A la reuni\u00f3n del pr\u00f3ximo lunes tambi\u00e9n asistir\u00e1n los mandatarios de Ecuador, Rafael Correa, y de Uruguay, Tabar\u00e9 V\u00e1zquez, quienes ejercen las presidencias pro tempore de Unasur y de la Comunidad de Estados Latinoamericanos y Caribe\u00f1os (Celac), respectivamente. (I)<\/p>\n","protected":false},"excerpt":{"rendered":"<p>La secretar\u00eda General de la Uni\u00f3n de Naciones Suramericanas (Unasur) conf\u00eda en que la reuni\u00f3n del pr\u00f3ximo lunes en Quito<\/p>\n","protected":false},"author":1,"featured_media":0,"comment_status":"open","ping_status":"open","sticky":false,"template":"","format":"standard","meta":{"footnotes":""},"categories":[1],"tags":[],"_links":{"self":[{"href":"https:\/\/www.ecuadoraldia.com.ec\/index.php?rest_route=\/wp\/v2\/posts\/10433"}],"collection":[{"href":"https:\/\/www.ecuadoraldia.com.ec\/index.php?rest_route=\/wp\/v2\/posts"}],"about":[{"href":"https:\/\/www.ecuadoraldia.com.ec\/index.php?rest_route=\/wp\/v2\/types\/post"}],"author":[{"embeddable":true,"href":"https:\/\/www.ecuadoraldia.com.ec\/index.php?rest_route=\/wp\/v2\/users\/1"}],"replies":[{"embeddable":true,"href":"https:\/\/www.ecuadoraldia.com.ec\/index.php?rest_route=%2Fwp%2Fv2%2Fcomments&post=10433"}],"version-history":[{"count":1,"href":"https:\/\/www.ecuadoraldia.com.ec\/index.php?rest_route=\/wp\/v2\/posts\/10433\/revisions"}],"predecessor-version":[{"id":10435,"href":"https:\/\/www.ecuadoraldia.com.ec\/index.php?rest_route=\/wp\/v2\/posts\/10433\/revisions\/10435"}],"wp:attachment":[{"href":"https:\/\/www.ecuadoraldia.com.ec\/index.php?rest_route=%2Fwp%2Fv2%2Fmedia&parent=10433"}],"wp:term":[{"taxonomy":"category","embeddable":true,"href":"https:\/\/www.ecuadoraldia.com.ec\/index.php?rest_route=%2Fwp%2Fv2%2Fcategories&post=10433"},{"taxonomy":"post_tag","embeddable":true,"href":"https:\/\/www.ecuadoraldia.com.ec\/index.php?rest_route=%2Fwp%2Fv2%2Ftags&post=10433"}],"curies":[{"name":"wp","href":"https:\/\/api.w.org\/{rel}","templated":true}]}}