{"id":10436,"date":"2015-09-17T22:15:06","date_gmt":"2015-09-17T22:15:06","guid":{"rendered":"http:\/\/www.ecuadoraldia.com.ec\/?p=10436"},"modified":"2015-09-17T22:15:06","modified_gmt":"2015-09-17T22:15:06","slug":"cuales-son-las-extensiones-universitarias-que-no-aprobaron-la-evaluacion-del-ceaaces","status":"publish","type":"post","link":"https:\/\/www.ecuadoraldia.com.ec\/?p=10436","title":{"rendered":"\u00bfCu\u00e1les son las extensiones universitarias que no aprobaron la evaluaci\u00f3n del Ceaaces?"},"content":{"rendered":"<p style=\"text-align: justify;\"><a href=\"http:\/\/www.ecuadoraldia.com.ec\/wp-content\/uploads\/2015\/09\/ACREDITACIONES.jpg\"><img loading=\"lazy\" decoding=\"async\" class=\"alignleft size-medium wp-image-10437\" src=\"http:\/\/www.ecuadoraldia.com.ec\/wp-content\/uploads\/2015\/09\/ACREDITACIONES-300x138.jpg\" alt=\"ACREDITACIONES\" width=\"300\" height=\"138\" srcset=\"https:\/\/www.ecuadoraldia.com.ec\/wp-content\/uploads\/2015\/09\/ACREDITACIONES-300x138.jpg 300w, https:\/\/www.ecuadoraldia.com.ec\/wp-content\/uploads\/2015\/09\/ACREDITACIONES.jpg 635w\" sizes=\"(max-width: 300px) 100vw, 300px\" \/><\/a>El Consejo de Evaluaci\u00f3n, acreditaci\u00f3n y aseguramiento de la calidad de la Educaci\u00f3n Superior (Ceaaces) entreg\u00f3 hoy la certificaci\u00f3n para poder funcionar a 31 de las 37 extensiones universitarias que desde hace 18 meses trabajaron en la ejecuci\u00f3n de sus planes de mejorar para continuar en el sistema educativo superior.<\/p>\n<p style=\"text-align: justify;\">Las 6 extensiones que no lograron la certificaci\u00f3n tienen 15 d\u00edas para presentar su plan de mejoras y 6 meses a partir de la aprobaci\u00f3n de los mismos para poner en marcha ese plan y someterse a una nueva evaluaci\u00f3n.<\/p>\n<p style=\"text-align: justify;\">\u00abSi despu\u00e9s de esa nueva evaluaci\u00f3n no logran pasar los par\u00e1metros del Ceaaces deber\u00e1n cerrar y presentar un plan para que los alumnos que est\u00e9n en esos centros puedan culminar con \u00e9xito sus estudios\u00bb, indic\u00f3 Francisco Cadena, presidente del Ceaaces.<\/p>\n<p style=\"text-align: justify;\">Cadena adem\u00e1s reconoci\u00f3 que existe avance en toda la educaci\u00f3n superior y que por ello se otorga este nuevo plazo a las 6 extensiones, aunque no pueden matricular nuevos estudiantes mientras no pasan la evaluaci\u00f3n.<\/p>\n<p style=\"text-align: justify;\">\u00abHemos visto que est\u00e1n en v\u00edas de cumplir la exigencia del Ceaaces y para ello deben hacer ciertos ajustes. Creo que lo primero es hacer un ba\u00f1o de verdad casa adentro de cada una de estas instituciones para ver si es o no factible esas mejoras que se necesitan\u00bb.<\/p>\n<p style=\"text-align: justify;\">En 2013 se publicaron los resultados de la evaluaci\u00f3n a las extensiones universitarias que dejaron a 44 cerradas, 2 aprobadas y 40 condicionadas y fuertemente condicionadas; 37 de estos 2 \u00faltimos grupos se acogieron al plan de mejoras y a la nueva evaluaci\u00f3n que determin\u00f3 que 31 aprobaron.<\/p>\n<p style=\"text-align: justify;\">Seg\u00fan informaci\u00f3n del Ceaaces en las 31 extensiones aprobadas estudian alrededor de 47.904 alumnos, mientras que en las no aprobadas se forman acad\u00e9micamente 2.602 estudiantes.<\/p>\n<p style=\"text-align: justify;\">Las 31 extensiones \u201caprobadas\u201d podr\u00e1n continuar con su funcionamiento y adem\u00e1s, abrir matr\u00edculas en carreras relacionadas con el bienestar p\u00fablico, como Medicina y Derecho.<\/p>\n<p style=\"text-align: justify;\">El Ceaaces adem\u00e1s aclar\u00f3 que a partir de este proceso, las extensiones aprobadas ser\u00e1n evaluadas junto a sus matrices y no individualmente como extensiones. Es decir, si las instituciones de Educaci\u00f3n Superior \u2013IES- realizan el proceso de recategorizaci\u00f3n, el Ceaaces evaluar\u00e1 a la universidad completa (la matriz y sus extensiones).<\/p>\n<p style=\"text-align: justify;\"><a href=\"http:\/\/www.ecuadoraldia.com.ec\/wp-content\/uploads\/2015\/09\/17-09-15-universidades-aprobadas.png\"><img loading=\"lazy\" decoding=\"async\" class=\"alignleft size-medium wp-image-10438\" src=\"http:\/\/www.ecuadoraldia.com.ec\/wp-content\/uploads\/2015\/09\/17-09-15-universidades-aprobadas-226x300.png\" alt=\"17-09-15-universidades-aprobadas\" width=\"226\" height=\"300\" srcset=\"https:\/\/www.ecuadoraldia.com.ec\/wp-content\/uploads\/2015\/09\/17-09-15-universidades-aprobadas-226x300.png 226w, https:\/\/www.ecuadoraldia.com.ec\/wp-content\/uploads\/2015\/09\/17-09-15-universidades-aprobadas.png 656w\" sizes=\"(max-width: 226px) 100vw, 226px\" \/><\/a><\/p>\n","protected":false},"excerpt":{"rendered":"<p>El Consejo de Evaluaci\u00f3n, acreditaci\u00f3n y aseguramiento de la calidad de la Educaci\u00f3n Superior (Ceaaces) entreg\u00f3 hoy la certificaci\u00f3n para<\/p>\n","protected":false},"author":1,"featured_media":0,"comment_status":"open","ping_status":"open","sticky":false,"template":"","format":"standard","meta":{"footnotes":""},"categories":[11],"tags":[],"_links":{"self":[{"href":"https:\/\/www.ecuadoraldia.com.ec\/index.php?rest_route=\/wp\/v2\/posts\/10436"}],"collection":[{"href":"https:\/\/www.ecuadoraldia.com.ec\/index.php?rest_route=\/wp\/v2\/posts"}],"about":[{"href":"https:\/\/www.ecuadoraldia.com.ec\/index.php?rest_route=\/wp\/v2\/types\/post"}],"author":[{"embeddable":true,"href":"https:\/\/www.ecuadoraldia.com.ec\/index.php?rest_route=\/wp\/v2\/users\/1"}],"replies":[{"embeddable":true,"href":"https:\/\/www.ecuadoraldia.com.ec\/index.php?rest_route=%2Fwp%2Fv2%2Fcomments&post=10436"}],"version-history":[{"count":1,"href":"https:\/\/www.ecuadoraldia.com.ec\/index.php?rest_route=\/wp\/v2\/posts\/10436\/revisions"}],"predecessor-version":[{"id":10439,"href":"https:\/\/www.ecuadoraldia.com.ec\/index.php?rest_route=\/wp\/v2\/posts\/10436\/revisions\/10439"}],"wp:attachment":[{"href":"https:\/\/www.ecuadoraldia.com.ec\/index.php?rest_route=%2Fwp%2Fv2%2Fmedia&parent=10436"}],"wp:term":[{"taxonomy":"category","embeddable":true,"href":"https:\/\/www.ecuadoraldia.com.ec\/index.php?rest_route=%2Fwp%2Fv2%2Fcategories&post=10436"},{"taxonomy":"post_tag","embeddable":true,"href":"https:\/\/www.ecuadoraldia.com.ec\/index.php?rest_route=%2Fwp%2Fv2%2Ftags&post=10436"}],"curies":[{"name":"wp","href":"https:\/\/api.w.org\/{rel}","templated":true}]}}