{"id":10440,"date":"2015-09-17T22:22:55","date_gmt":"2015-09-17T22:22:55","guid":{"rendered":"http:\/\/www.ecuadoraldia.com.ec\/?p=10440"},"modified":"2015-09-17T22:22:55","modified_gmt":"2015-09-17T22:22:55","slug":"musica-paracaidismo-canes-amaestrados-deliciosa-comida-y-mas-en-el-bicentenario","status":"publish","type":"post","link":"https:\/\/www.ecuadoraldia.com.ec\/?p=10440","title":{"rendered":"M\u00fasica, paracaidismo, canes amaestrados, deliciosa comida y m\u00e1s en el Bicentenario"},"content":{"rendered":"<p style=\"text-align: justify;\"><a href=\"http:\/\/www.ecuadoraldia.com.ec\/wp-content\/uploads\/2015\/09\/16-09-15_Concierto_1x1_Quito.jpg\"><img loading=\"lazy\" decoding=\"async\" class=\"alignleft size-medium wp-image-10441\" src=\"http:\/\/www.ecuadoraldia.com.ec\/wp-content\/uploads\/2015\/09\/16-09-15_Concierto_1x1_Quito-300x150.jpg\" alt=\"16-09-15_Concierto_1x1_Quito\" width=\"300\" height=\"150\" srcset=\"https:\/\/www.ecuadoraldia.com.ec\/wp-content\/uploads\/2015\/09\/16-09-15_Concierto_1x1_Quito-300x150.jpg 300w, https:\/\/www.ecuadoraldia.com.ec\/wp-content\/uploads\/2015\/09\/16-09-15_Concierto_1x1_Quito.jpg 800w\" sizes=\"(max-width: 300px) 100vw, 300px\" \/><\/a>\u201cEstamos recorriendo el pa\u00eds con un solo mensaje: Ecuador tiene talento, tiene m\u00fasica y los medios de comunicaci\u00f3n apoyan ese esfuerzo del artista nacional\u201d, asegur\u00f3 en rueda de prensa el Superintendente de la Informaci\u00f3n y Comunicaci\u00f3n, Carlos Ochoa, al invitar a la ciudadan\u00eda al concierto 1&#215;1 \u201cQueremos m\u00e1s m\u00fasica hecha en Ecuador\u201d, que se realizar\u00e1 este s\u00e1bado 19 de septiembre, en el Parque Bicentenario, de 10h00 a 20h00.<\/p>\n<p style=\"text-align: justify;\">\u201cLo que se busca es un ganar-ganar. Gana el artista porque tiene la oportunidad de presentarse, ganan los medios de comunicaci\u00f3n porque tienen a su disposici\u00f3n mayor n\u00famero de propuestas para el cumplimiento del art\u00edculo 103 y quien m\u00e1s gana es la sociedad ecuatoriana, que conoce el talento que existe en este pa\u00eds\u201d, a\u00f1adi\u00f3 el Superintendente.<\/p>\n<p style=\"text-align: justify;\">Daniel Sais, productor musical y quien integr\u00f3 el comit\u00e9 de selecci\u00f3n, expres\u00f3 que \u00abtratamos de poner dos artistas de cada estilo. Tenemos artistas nuevos y consagrados para brindar al p\u00fablico un espect\u00e1culo de toda clase (&#8230;) Aplaudo la iniciativa de la SUPERCOM, esperamos que sigan adelante, es importante que el p\u00fablico ecuatoriano disfrute del talento nacional.<\/p>\n<p style=\"text-align: justify;\">Por su parte, Beto Catuta dijo sentirse feliz por ser uno de los artistas escogidos para cantar en este evento. \u00abEstos espacios son fundamentales para mostrar a nuestra gente el verdadero talento que tiene el pa\u00eds. Los artistas seleccionados estamos emocionados y nos estamos preparando\u00bb.<\/p>\n<p style=\"text-align: justify;\">El mayor Iv\u00e1n Ayala, Jefe regional de Adiestramiento Canino de la Polic\u00eda Nacional, asegur\u00f3 que estar\u00e1n presentes con sus mejores canes, tambi\u00e9n considerados artistas, para deleitar al p\u00fablico con sus trucos. De igual manera, el Coronel Edison Romo, Comandante de la Base A\u00e9rea Mariscal Sucre inform\u00f3 sobre la participaci\u00f3n de 10 paracaidistas.<\/p>\n<p style=\"text-align: justify;\">El chef Daniel Ponce, coordinador de la Corporaci\u00f3n \u2018Mesa de los Chefs\u2019, invit\u00f3 a los ciudadanos a que degusten \u00abde la buena gastronom\u00eda del pa\u00eds, con precios de mercado\u00bb, en las 30 huecas que se instalar\u00e1n el d\u00eda del concierto.<\/p>\n<p style=\"text-align: justify;\">Finalmente, Fredy Rojas y Jorge Bustos, directivos de gremios de motociclismo y automovilismo, respectivamente, explicaron sobre las exhibiciones permanentes de autos cl\u00e1sicos, deportivos, demostraci\u00f3n de autocross y motocicletas, en una jornada en la que habr\u00e1 m\u00fasica, comida y adrenalina.<\/p>\n<p style=\"text-align: justify;\">Un total de 51 artistas participar\u00e1n en el evento: 28 demostrar\u00e1n sobre el escenario su talento, 15 audicionar\u00e1n en una rueda de negocios ante reconocidos productores y promotores musicales y 8 artistas de trayectoria apadrinar\u00e1n a los nuevos exponentes de la m\u00fasica ecuatoriana.<\/p>\n<p style=\"text-align: justify;\">Tambi\u00e9n, la SUPERCOM entregar\u00e1 un reconocimiento a la trayectoria musical de los Hermanos Mi\u00f1o Naranjo y Rub\u00e9n Barba, este \u00faltimo autor de la popular canci\u00f3n \u201cA mi lindo Ecuador\u201d.<\/p>\n<p style=\"text-align: justify;\">La iniciativa que impulsa la SUPERCOM busca promover el cumplimiento del art\u00edculo 103 de la Ley Org\u00e1nica de Comunicaci\u00f3n (LOC), que establece la figura del 1&#215;1, seg\u00fan la cual por cada canci\u00f3n extranjera que se difunda en las radios del pa\u00eds, debe emitirse una nacional.<\/p>\n<p style=\"text-align: justify;\">Esta es la s\u00e9ptima Feria-Concierto que realiza esta Superintendencia desde octubre de 2014 en Cuenca. Ha recorrido ciudades como Manta, Guayaquil, Loja, Portoviejo, Atacames y se prev\u00e9 llegar\u00e1 en noviembre a Riobamba. http:\/\/www.supercom.gob.ec\/<\/p>\n","protected":false},"excerpt":{"rendered":"<p>\u201cEstamos recorriendo el pa\u00eds con un solo mensaje: Ecuador tiene talento, tiene m\u00fasica y los medios de comunicaci\u00f3n apoyan ese<\/p>\n","protected":false},"author":1,"featured_media":0,"comment_status":"open","ping_status":"open","sticky":false,"template":"","format":"standard","meta":{"footnotes":""},"categories":[1],"tags":[],"_links":{"self":[{"href":"https:\/\/www.ecuadoraldia.com.ec\/index.php?rest_route=\/wp\/v2\/posts\/10440"}],"collection":[{"href":"https:\/\/www.ecuadoraldia.com.ec\/index.php?rest_route=\/wp\/v2\/posts"}],"about":[{"href":"https:\/\/www.ecuadoraldia.com.ec\/index.php?rest_route=\/wp\/v2\/types\/post"}],"author":[{"embeddable":true,"href":"https:\/\/www.ecuadoraldia.com.ec\/index.php?rest_route=\/wp\/v2\/users\/1"}],"replies":[{"embeddable":true,"href":"https:\/\/www.ecuadoraldia.com.ec\/index.php?rest_route=%2Fwp%2Fv2%2Fcomments&post=10440"}],"version-history":[{"count":1,"href":"https:\/\/www.ecuadoraldia.com.ec\/index.php?rest_route=\/wp\/v2\/posts\/10440\/revisions"}],"predecessor-version":[{"id":10442,"href":"https:\/\/www.ecuadoraldia.com.ec\/index.php?rest_route=\/wp\/v2\/posts\/10440\/revisions\/10442"}],"wp:attachment":[{"href":"https:\/\/www.ecuadoraldia.com.ec\/index.php?rest_route=%2Fwp%2Fv2%2Fmedia&parent=10440"}],"wp:term":[{"taxonomy":"category","embeddable":true,"href":"https:\/\/www.ecuadoraldia.com.ec\/index.php?rest_route=%2Fwp%2Fv2%2Fcategories&post=10440"},{"taxonomy":"post_tag","embeddable":true,"href":"https:\/\/www.ecuadoraldia.com.ec\/index.php?rest_route=%2Fwp%2Fv2%2Ftags&post=10440"}],"curies":[{"name":"wp","href":"https:\/\/api.w.org\/{rel}","templated":true}]}}