{"id":10444,"date":"2015-09-18T21:25:12","date_gmt":"2015-09-18T21:25:12","guid":{"rendered":"http:\/\/www.ecuadoraldia.com.ec\/?p=10444"},"modified":"2015-09-18T21:25:12","modified_gmt":"2015-09-18T21:25:12","slug":"ee-uu-levanta-restricciones-al-comercio-y-viajes-a-cuba","status":"publish","type":"post","link":"https:\/\/www.ecuadoraldia.com.ec\/?p=10444","title":{"rendered":"EE.UU. levanta restricciones al comercio y viajes a Cuba"},"content":{"rendered":"<p style=\"text-align: justify;\"><a href=\"http:\/\/www.ecuadoraldia.com.ec\/wp-content\/uploads\/2015\/09\/18-09-2015-cuba-.jpg\"><img loading=\"lazy\" decoding=\"async\" class=\"alignleft size-medium wp-image-10445\" src=\"http:\/\/www.ecuadoraldia.com.ec\/wp-content\/uploads\/2015\/09\/18-09-2015-cuba--300x206.jpg\" alt=\"18-09-2015-cuba-\" width=\"300\" height=\"206\" srcset=\"https:\/\/www.ecuadoraldia.com.ec\/wp-content\/uploads\/2015\/09\/18-09-2015-cuba--300x206.jpg 300w, https:\/\/www.ecuadoraldia.com.ec\/wp-content\/uploads\/2015\/09\/18-09-2015-cuba-.jpg 635w\" sizes=\"(max-width: 300px) 100vw, 300px\" \/><\/a>El gobierno de Estados Unidos anunci\u00f3 este viernes la remoci\u00f3n de numerosas restricciones legales al comercio bilateral con Cuba, los viajes a ese pa\u00eds y la operaci\u00f3n de empresas estadounidenses, as\u00ed como la eliminaci\u00f3n de l\u00edmites a determinados tipos de remesas de dinero.<\/p>\n<p style=\"text-align: justify;\">Se trata de la m\u00e1s amplia operaci\u00f3n de remoci\u00f3n de trabas al comercio, los viajes y las operaciones financieras desde que los 2 pa\u00edses iniciaron un hist\u00f3rico proceso de aproximaci\u00f3n en diciembre pasado, despu\u00e9s de m\u00e1s de 50 a\u00f1os de ruptura.<\/p>\n<p style=\"text-align: justify;\">Ambos pa\u00edses restablecieron formalmente sus relaciones diplom\u00e1ticas el 20 de julio, y el jueves el embajador de Cuba, Jos\u00e9 Ram\u00f3n Caba\u00f1as, present\u00f3 al presidente Barack Obama sus cartas credenciales en la Casa Blanca.<\/p>\n<p style=\"text-align: justify;\">Las medidas adoptadas por los departamentos estadounidenses del Tesoro y Comercio, sin embargo, no afectan el grueso del embargo econ\u00f3mico y financiero adoptado por Estados Unidos hace medio siglo, que solamente podr\u00e1 ser desmontado por el Congreso pues se trata de una ley.<\/p>\n<p style=\"text-align: justify;\">Ordenamiento de las remesas<\/p>\n<p style=\"text-align: justify;\">De acuerdo con las nuevas medidas, que entran en vigor el pr\u00f3ximo lunes, los l\u00edmites al monto de las transferencias autorizadas de inmigrantes hacia familiares en Cuba ser\u00e1n eliminados.<\/p>\n<p style=\"text-align: justify;\">El l\u00edmite de $ 2.000 d\u00f3lares de remesas hacia Cuba por trimestre quedar\u00e1 eliminado, as\u00ed como el m\u00e1ximo de efectivo que pod\u00eda ser llevado a la isla ($ 3.000 para cubanos, $ 10.000 para personas sujetas a la ley estadounidense).<\/p>\n<p style=\"text-align: justify;\">La nueva normativa mantiene, sin embargo, el veto a las remesas a funcionarios del gobierno o del Partido Comunista de Cuba.<\/p>\n<p style=\"text-align: justify;\">No se conocen n\u00fameros oficiales sobre el monto total de las remesas de ciudadanos cubanos hacia familiares en la isla, pero estimaciones sit\u00faan ese valor por encima de los $ 2.000 millones al a\u00f1o, sin contar el efectivo llevado por viajeros.<\/p>\n<p style=\"text-align: justify;\">\u00abLas remesas desde Cuba o por ciudadanos cubanos en terceros pa\u00edses hacia Estados Unidos ser\u00e1n autorizadas mediante una licencia general, y las instituciones financieras podr\u00e1n proporcionar los servicios\u00bb, inform\u00f3 el Departamento del Tesoro.<\/p>\n<p style=\"text-align: justify;\">Asimismo, el nuevo paquete de medidas autoriza, mediante licencia general, el transporte por barco de viajeros autorizados.<\/p>\n<p style=\"text-align: justify;\">Esos viajeros autorizados podr\u00e1n abrir y mantener cuentas bancarias en Cuba para tener acceso a fondos para transacciones mientras se encuentren en ese pa\u00eds, de acuerdo con la nueva normativa.<\/p>\n<p style=\"text-align: justify;\">Presencia comercial<\/p>\n<p style=\"text-align: justify;\">En ese marco, ciudadanos estadounidenses pasan a estar autorizados a tener \u00abpresencia comercial\u00bb en Cuba, incluyendo el establecimiento de empresas de capital mixto, para proporcionar servicios de telecomunicaciones.<\/p>\n<p style=\"text-align: justify;\">Agencias de prensa, exportadores de productos autorizados y empresas de servicios educaciones, por ejemplo, podr\u00e1n iniciar actividades comerciales en Cuba, con cuentas bancarias locales y permiso para emplear tanto cubanos como estadounidenses para sus operaciones.<\/p>\n<p style=\"text-align: justify;\">El secretario estadounidense del Tesoro, Jacob Lew, se\u00f1al\u00f3 en una nota oficial que \u00abuna relaci\u00f3n m\u00e1s fuerte y m\u00e1s abierta entre Estados Unidos y Cuba tiene potencial de crear oportunidades econ\u00f3micas para estadounidenses y cubanos\u00bb.<\/p>\n<p style=\"text-align: justify;\">A pesar del nuevo paquete de medidas, los vuelos regulares hacia Cuba a\u00fan sufren restricciones, los viajes siguen siendo objeto de licencias espec\u00edficas para las personas interesadas, y persisten los bloqueos a la exportaci\u00f3n de bienes a la isla. (afp)<\/p>\n","protected":false},"excerpt":{"rendered":"<p>El gobierno de Estados Unidos anunci\u00f3 este viernes la remoci\u00f3n de numerosas restricciones legales al comercio bilateral con Cuba, los<\/p>\n","protected":false},"author":1,"featured_media":0,"comment_status":"open","ping_status":"open","sticky":false,"template":"","format":"standard","meta":{"footnotes":""},"categories":[7],"tags":[],"_links":{"self":[{"href":"https:\/\/www.ecuadoraldia.com.ec\/index.php?rest_route=\/wp\/v2\/posts\/10444"}],"collection":[{"href":"https:\/\/www.ecuadoraldia.com.ec\/index.php?rest_route=\/wp\/v2\/posts"}],"about":[{"href":"https:\/\/www.ecuadoraldia.com.ec\/index.php?rest_route=\/wp\/v2\/types\/post"}],"author":[{"embeddable":true,"href":"https:\/\/www.ecuadoraldia.com.ec\/index.php?rest_route=\/wp\/v2\/users\/1"}],"replies":[{"embeddable":true,"href":"https:\/\/www.ecuadoraldia.com.ec\/index.php?rest_route=%2Fwp%2Fv2%2Fcomments&post=10444"}],"version-history":[{"count":1,"href":"https:\/\/www.ecuadoraldia.com.ec\/index.php?rest_route=\/wp\/v2\/posts\/10444\/revisions"}],"predecessor-version":[{"id":10446,"href":"https:\/\/www.ecuadoraldia.com.ec\/index.php?rest_route=\/wp\/v2\/posts\/10444\/revisions\/10446"}],"wp:attachment":[{"href":"https:\/\/www.ecuadoraldia.com.ec\/index.php?rest_route=%2Fwp%2Fv2%2Fmedia&parent=10444"}],"wp:term":[{"taxonomy":"category","embeddable":true,"href":"https:\/\/www.ecuadoraldia.com.ec\/index.php?rest_route=%2Fwp%2Fv2%2Fcategories&post=10444"},{"taxonomy":"post_tag","embeddable":true,"href":"https:\/\/www.ecuadoraldia.com.ec\/index.php?rest_route=%2Fwp%2Fv2%2Ftags&post=10444"}],"curies":[{"name":"wp","href":"https:\/\/api.w.org\/{rel}","templated":true}]}}