{"id":10448,"date":"2015-09-18T21:27:42","date_gmt":"2015-09-18T21:27:42","guid":{"rendered":"http:\/\/www.ecuadoraldia.com.ec\/?p=10448"},"modified":"2015-09-18T21:27:42","modified_gmt":"2015-09-18T21:27:42","slug":"parroquias-recolectaran-alimentos-no-perecibles-por-posible-emergencia-del-cotopaxi","status":"publish","type":"post","link":"https:\/\/www.ecuadoraldia.com.ec\/?p=10448","title":{"rendered":"Parroquias recolectar\u00e1n alimentos no perecibles por posible emergencia del Cotopaxi"},"content":{"rendered":"<p><a href=\"http:\/\/www.ecuadoraldia.com.ec\/wp-content\/uploads\/2015\/09\/parroquIAS.jpg\"><img loading=\"lazy\" decoding=\"async\" class=\"alignleft size-medium wp-image-10449\" src=\"http:\/\/www.ecuadoraldia.com.ec\/wp-content\/uploads\/2015\/09\/parroquIAS-300x168.jpg\" alt=\"parroquIAS\" width=\"300\" height=\"168\" srcset=\"https:\/\/www.ecuadoraldia.com.ec\/wp-content\/uploads\/2015\/09\/parroquIAS-300x168.jpg 300w, https:\/\/www.ecuadoraldia.com.ec\/wp-content\/uploads\/2015\/09\/parroquIAS.jpg 635w\" sizes=\"(max-width: 300px) 100vw, 300px\" \/><\/a>Como parte del Plan \u00abQuito Prevenci\u00f3n y Solidaridad\u00bb para enfrentar una posible erupci\u00f3n del volc\u00e1n Cotopaxi, hoy se desarroll\u00f3 la segunda reuni\u00f3n en el cabildo capitalino. El alcalde Mauricio Rodas indic\u00f3 que el municipio brindar\u00e1 toda la informaci\u00f3n a los capitalinos en prevenci\u00f3n de emergencias.<\/p>\n<p>En la reuni\u00f3n participaron 5 ex alcaldes: Paco Moncayo, Sixto Dur\u00e1n Ball\u00e9n, Andr\u00e9s Vallejo, \u00c1lvaro P\u00e9rez y Roque Sevilla. \u00abEstamos gustosos de colaborar por el bien de la ciudad\u00bb, coment\u00f3 Dur\u00e1n Ball\u00e9n.<\/p>\n<p>Para ello se han establecido algunas mesas de trabajo entre estas la de solidaridad que tiene relaci\u00f3n estrecha con la iglesia cat\u00f3lica.<\/p>\n<p>\u00abA trav\u00e9s de esta se crear\u00e1 una red para que los ciudadanos se inscriban como voluntarios y puedan acoger en sus viviendas a personas y tambi\u00e9n a mascotas\u00bb, coment\u00f3 el alcalde.<\/p>\n<p>Por su parte monse\u00f1or Fausto Tr\u00e1vez indic\u00f3 que las distintas parroquias del distrito metropolitano receptar\u00e1n productos de primera necesidad no perecibles para ayudar en la emergencia. Coment\u00f3 que en la provincia de Cotopaxi ya se requiere esa ayuda porque hay varias personas que est\u00e1n en la indigencia.<\/p>\n<p>\u00abLas personas que as\u00ed lo desean pueden colaborar en cada parroquia con alimentos no perecibles. Cada 3 d\u00edas habr\u00e1 un inventario de productos para poder abastecer en los distintos puntos que se requiera\u00bb, coment\u00f3 Tr\u00e1vez.<\/p>\n<p>La mesa de educaci\u00f3n tiene plan de capacitaci\u00f3n para todas las unidades educativas de Quito, para ello se trabajar\u00e1 en conjunto con el Ministerio del ramo. Se estima que en Quito existen alrededor de 740 mil estudiantes. (I)<\/p>\n","protected":false},"excerpt":{"rendered":"<p>Como parte del Plan \u00abQuito Prevenci\u00f3n y Solidaridad\u00bb para enfrentar una posible erupci\u00f3n del volc\u00e1n Cotopaxi, hoy se desarroll\u00f3 la<\/p>\n","protected":false},"author":1,"featured_media":0,"comment_status":"open","ping_status":"open","sticky":false,"template":"","format":"standard","meta":{"footnotes":""},"categories":[1],"tags":[],"_links":{"self":[{"href":"https:\/\/www.ecuadoraldia.com.ec\/index.php?rest_route=\/wp\/v2\/posts\/10448"}],"collection":[{"href":"https:\/\/www.ecuadoraldia.com.ec\/index.php?rest_route=\/wp\/v2\/posts"}],"about":[{"href":"https:\/\/www.ecuadoraldia.com.ec\/index.php?rest_route=\/wp\/v2\/types\/post"}],"author":[{"embeddable":true,"href":"https:\/\/www.ecuadoraldia.com.ec\/index.php?rest_route=\/wp\/v2\/users\/1"}],"replies":[{"embeddable":true,"href":"https:\/\/www.ecuadoraldia.com.ec\/index.php?rest_route=%2Fwp%2Fv2%2Fcomments&post=10448"}],"version-history":[{"count":1,"href":"https:\/\/www.ecuadoraldia.com.ec\/index.php?rest_route=\/wp\/v2\/posts\/10448\/revisions"}],"predecessor-version":[{"id":10450,"href":"https:\/\/www.ecuadoraldia.com.ec\/index.php?rest_route=\/wp\/v2\/posts\/10448\/revisions\/10450"}],"wp:attachment":[{"href":"https:\/\/www.ecuadoraldia.com.ec\/index.php?rest_route=%2Fwp%2Fv2%2Fmedia&parent=10448"}],"wp:term":[{"taxonomy":"category","embeddable":true,"href":"https:\/\/www.ecuadoraldia.com.ec\/index.php?rest_route=%2Fwp%2Fv2%2Fcategories&post=10448"},{"taxonomy":"post_tag","embeddable":true,"href":"https:\/\/www.ecuadoraldia.com.ec\/index.php?rest_route=%2Fwp%2Fv2%2Ftags&post=10448"}],"curies":[{"name":"wp","href":"https:\/\/api.w.org\/{rel}","templated":true}]}}