{"id":10451,"date":"2015-09-18T21:31:16","date_gmt":"2015-09-18T21:31:16","guid":{"rendered":"http:\/\/www.ecuadoraldia.com.ec\/?p=10451"},"modified":"2015-09-18T21:31:16","modified_gmt":"2015-09-18T21:31:16","slug":"estudiantes-rendiran-pruebas-para-ingreso-a-las-universidadades","status":"publish","type":"post","link":"https:\/\/www.ecuadoraldia.com.ec\/?p=10451","title":{"rendered":"Estudiantes rendir\u00e1n pruebas para ingreso a las Universidadades"},"content":{"rendered":"<p style=\"text-align: justify;\"><a href=\"http:\/\/www.ecuadoraldia.com.ec\/wp-content\/uploads\/2015\/09\/pruebas-u.jpg\"><img loading=\"lazy\" decoding=\"async\" class=\"alignleft size-medium wp-image-10452\" src=\"http:\/\/www.ecuadoraldia.com.ec\/wp-content\/uploads\/2015\/09\/pruebas-u-300x167.jpg\" alt=\"pruebas u\" width=\"300\" height=\"167\" srcset=\"https:\/\/www.ecuadoraldia.com.ec\/wp-content\/uploads\/2015\/09\/pruebas-u-300x167.jpg 300w, https:\/\/www.ecuadoraldia.com.ec\/wp-content\/uploads\/2015\/09\/pruebas-u.jpg 301w\" sizes=\"(max-width: 300px) 100vw, 300px\" \/><\/a>Ma\u00f1ana se cumplir\u00e1 la d\u00e9cima prueba ENES que permite a los postulantes que aprueben optener un cupo en universidades p\u00fablicas. Foto: Cortes\u00eda Senescyt<\/p>\n<p style=\"text-align: justify;\">Ma\u00f1ana se rendir\u00e1 en todo el Ecuador el Examen Nacional para la Educaci\u00f3n Superior (ENES), en su d\u00e9cima convocatoria. Para esta evaluaci\u00f3n de aptitudes se inscribieron un total de 276.771 aspirantes, distribuidos en 561 recintos a nivel nacional y 2 m\u00e1s en Espa\u00f1a (Madrid y Barcelona) para los migrantes ecuatorianos.<\/p>\n<p style=\"text-align: justify;\">Adem\u00e1s como parte de la democratizaci\u00f3n para el acceso a la educaci\u00f3n superior, 141 Personas Privadas de Libertad del Centro de Rehabilitaci\u00f3n Varones N\u00b01 de Guayaquil rendir\u00e1n el ENES y 1.238 personas con discapacidad contar\u00e1n con protocolos especializados para su evaluaci\u00f3n.<\/p>\n<p style=\"text-align: justify;\">Los estudiantes podr\u00e1n ingresar al recinto acad\u00e9mico a partir de las 8:30. A las 10:00 se cerrar\u00e1n las puertas de los recintos. Los aspirantes deber\u00e1n portar su c\u00e9dula de ciudadan\u00eda, pasaporte o carn\u00e9 de refugiado, comprobante de recinto impreso, dos l\u00e1pices 2B, un borrador suave y un sacapuntas. No podr\u00e1n llevar artefactos electr\u00f3nicos como celular, iPod, etc.<\/p>\n<p style=\"text-align: justify;\">Los consulados de Madrid y Barcelona en Espa\u00f1a, ser\u00e1n las sedes donde los migrantes ecuatorianos rendir\u00e1n su ENES. La jornada iniciar\u00e1 a las 10:00 (hora local).<\/p>\n<p style=\"text-align: justify;\">A partir del 20 de octubre los estudiantes podr\u00e1n revisar su puntaje a trav\u00e9s de su cuenta de usuario en la p\u00e1gina www.snna.gob.ec. (I)<\/p>\n<p>Las sedes en el Distrito Metropolitano de Quito son:<\/p>\n<p>1. Colegio 24 de mayo<br \/>\n2. Academia Aeron\u00e1utica Mayor Pedro Traversari<br \/>\n3. Academia Militar General Miguel Iturralde<br \/>\n4. Academia Militar Miguel Iturralde 2<br \/>\n5. Aida Gallegos de Moncayo<br \/>\n6. Colegio Fiscal Cardenal Carlos de la Torre<br \/>\n7. Colegio Luis Napole\u00f3n Dillon<br \/>\n8. Colegio Nacional Andr\u00e9s Bello<br \/>\n9. Colegio Nacional Juan Pio Mont\u00fafar<br \/>\n10. Colegio Nacional Santiago de Guayaquil<br \/>\n11. Colegio Popular Fiscal Juan Montalvo<br \/>\n12. Colegio Sim\u00f3n Bol\u00edvar<br \/>\n13. Colegio T\u00e9cnico Fiscal Arturo Borja<br \/>\n14. Conocoto<br \/>\n15. Consejo Provincial de Pichincha<br \/>\n16. Escuela Fiscal Mixta Brethren<br \/>\n17. Human\u00edstico Quito<br \/>\n18. Instituci\u00f3n Educativa Fiscal Calder\u00f3n 2<br \/>\n19. Instituci\u00f3n Educativa Fiscal Superior Benito Ju\u00e1rez<br \/>\n20. Instituto Educativo Fiscal Sucre<br \/>\n21. Instituto Nacional Mej\u00eda<br \/>\n22. Instituto T\u00e9cnico Superior Central T\u00e9cnico<br \/>\n23. Liceo Fernandez Madrid<br \/>\n24. Ligdano Ch\u00e1vez<br \/>\n25. Luxemburgo<br \/>\n26. Manuel Cordova Galarza<br \/>\n27. Mitad del Mundo<br \/>\n28. Nanegalito<br \/>\n29. Primicias de la Cultura de Quito<br \/>\n30. Puellaro<br \/>\n31. Quito Sur<br \/>\n32. Rep\u00fablica de Rumania<br \/>\n33. Unidad Educativa Daniel Enrique Proa\u00f1o<br \/>\n34. Unidad Educativa de Milenio Mej\u00eda<br \/>\n35. Unidad Educativa del Milenio Maria Ang\u00e9lica Idrobo<br \/>\n36. Unidad Educativa del Milenio Replica 24 De Mayo<br \/>\n37. Unidad Educativa Eloy Alfaro<br \/>\n38. Unidad Educativa Fe y Alegr\u00eda La Dolorosa<br \/>\n39. Unidad Educativa Fernandez Salvador Villavicencio Ponce<br \/>\n40. Unidad Educativa Fuerza A\u00e9rea Ecuatoriana N.1<br \/>\n41. Unidad Educativa Gran Colombia<br \/>\n42. Unidad Educativa Luciano Andrade Mar\u00edn<br \/>\n43. Unidad Educativa Municipal Experimental Eugenio Espejo<br \/>\n44. Unidad Educativa Municipal T\u00e9cnica y Ciencias San Francisco de Quito<br \/>\n45. Unidad Educativa Paul Dirac<br \/>\n46. Unidad Educativa P\u00e9rez Pallares<br \/>\n47. Unidad Educativa Polic\u00eda Nacional del Sur<br \/>\n48. Unidad Educativa Rinc\u00f3n del Saber<br \/>\n49. Unidad Educativa T\u00e9cnica Yaruqui<br \/>\n50. Unidad Educativa Tumbaco<\/p>\n","protected":false},"excerpt":{"rendered":"<p>Ma\u00f1ana se cumplir\u00e1 la d\u00e9cima prueba ENES que permite a los postulantes que aprueben optener un cupo en universidades p\u00fablicas.<\/p>\n","protected":false},"author":1,"featured_media":0,"comment_status":"open","ping_status":"open","sticky":false,"template":"","format":"standard","meta":{"footnotes":""},"categories":[4],"tags":[],"_links":{"self":[{"href":"https:\/\/www.ecuadoraldia.com.ec\/index.php?rest_route=\/wp\/v2\/posts\/10451"}],"collection":[{"href":"https:\/\/www.ecuadoraldia.com.ec\/index.php?rest_route=\/wp\/v2\/posts"}],"about":[{"href":"https:\/\/www.ecuadoraldia.com.ec\/index.php?rest_route=\/wp\/v2\/types\/post"}],"author":[{"embeddable":true,"href":"https:\/\/www.ecuadoraldia.com.ec\/index.php?rest_route=\/wp\/v2\/users\/1"}],"replies":[{"embeddable":true,"href":"https:\/\/www.ecuadoraldia.com.ec\/index.php?rest_route=%2Fwp%2Fv2%2Fcomments&post=10451"}],"version-history":[{"count":1,"href":"https:\/\/www.ecuadoraldia.com.ec\/index.php?rest_route=\/wp\/v2\/posts\/10451\/revisions"}],"predecessor-version":[{"id":10453,"href":"https:\/\/www.ecuadoraldia.com.ec\/index.php?rest_route=\/wp\/v2\/posts\/10451\/revisions\/10453"}],"wp:attachment":[{"href":"https:\/\/www.ecuadoraldia.com.ec\/index.php?rest_route=%2Fwp%2Fv2%2Fmedia&parent=10451"}],"wp:term":[{"taxonomy":"category","embeddable":true,"href":"https:\/\/www.ecuadoraldia.com.ec\/index.php?rest_route=%2Fwp%2Fv2%2Fcategories&post=10451"},{"taxonomy":"post_tag","embeddable":true,"href":"https:\/\/www.ecuadoraldia.com.ec\/index.php?rest_route=%2Fwp%2Fv2%2Ftags&post=10451"}],"curies":[{"name":"wp","href":"https:\/\/api.w.org\/{rel}","templated":true}]}}