{"id":10454,"date":"2015-09-18T21:33:45","date_gmt":"2015-09-18T21:33:45","guid":{"rendered":"http:\/\/www.ecuadoraldia.com.ec\/?p=10454"},"modified":"2015-09-18T21:33:45","modified_gmt":"2015-09-18T21:33:45","slug":"el-frente-unidos-seguira-trabajando-en-proyectos-sociales-con-miras-a-las-proximas-elecciones","status":"publish","type":"post","link":"https:\/\/www.ecuadoraldia.com.ec\/?p=10454","title":{"rendered":"El Frente Unidos seguir\u00e1 trabajando en proyectos sociales con miras a las pr\u00f3ximas elecciones"},"content":{"rendered":"<p style=\"text-align: justify;\"><a href=\"http:\/\/www.ecuadoraldia.com.ec\/wp-content\/uploads\/2015\/09\/frente-unidos_c.jpg\"><img loading=\"lazy\" decoding=\"async\" class=\"alignleft size-medium wp-image-10455\" src=\"http:\/\/www.ecuadoraldia.com.ec\/wp-content\/uploads\/2015\/09\/frente-unidos_c-300x200.jpg\" alt=\"frente unidos_c\" width=\"300\" height=\"200\" srcset=\"https:\/\/www.ecuadoraldia.com.ec\/wp-content\/uploads\/2015\/09\/frente-unidos_c-300x200.jpg 300w, https:\/\/www.ecuadoraldia.com.ec\/wp-content\/uploads\/2015\/09\/frente-unidos_c.jpg 635w\" sizes=\"(max-width: 300px) 100vw, 300px\" \/><\/a>El Frente Unidos, integrado por 14 organizaciones pol\u00edticas, celebr\u00f3 hoy su primer a\u00f1o de consolidaci\u00f3n. Fabi\u00e1n Solano, presidente del partido Socialista, se\u00f1al\u00f3 que los integrantes de la organizaci\u00f3n ratifican sus ideas de solidaridad y justicia social, \u00bb a favor del proceso revolucionario del pa\u00eds\u00bb.<\/p>\n<p style=\"text-align: justify;\">Solano precis\u00f3 que continuar\u00e1n mejorando el proyecto en \u00abbeneficio del pa\u00eds\u00bb, as\u00ed como trabajar\u00e1n en temas como las enmiendas constitucionales, \u00abvamos a seguir en an\u00e1lisis hasta segundo debate\u00bb, se\u00f1al\u00f3.<\/p>\n<p style=\"text-align: justify;\">El criterio fue compartido por Doris Soliz, secretaria de PAIS, quien dijo que el Frente Unidos trabaja de la mano con las entidades gubernamentales, entre ellas la Asamblea.<\/p>\n<p style=\"text-align: justify;\">Manifest\u00f3 que se crearon 24 mesas de trabajo, entre ellas la Mesa Parlamentaria con la que seguir\u00e1n trabajando en las leyes como las de Tierra, Herencia y Plusval\u00eda. Destac\u00f3 que las enmiendas constitucionales tendr\u00e1n un amplio debate en el siguiente trimestre. \u00abNo es restricci\u00f3n de derechos, sino ampliaci\u00f3n de derechos\u00bb, dijo.<\/p>\n<p style=\"text-align: justify;\">\u00abTrabajamos a favor de las grandes mayor\u00edas, no al servicio de los peque\u00f1os grupos que pugnan por regresar al poder\u00bb, sostuvo Soliz.<\/p>\n<p style=\"text-align: justify;\">De su lado, Solano anticip\u00f3 que tambi\u00e9n trabajar\u00e1n en la unidad electoral con miras a las elecciones de 2017 y 2019.<\/p>\n","protected":false},"excerpt":{"rendered":"<p>El Frente Unidos, integrado por 14 organizaciones pol\u00edticas, celebr\u00f3 hoy su primer a\u00f1o de consolidaci\u00f3n. Fabi\u00e1n Solano, presidente del partido<\/p>\n","protected":false},"author":1,"featured_media":0,"comment_status":"open","ping_status":"open","sticky":false,"template":"","format":"standard","meta":{"footnotes":""},"categories":[3],"tags":[],"_links":{"self":[{"href":"https:\/\/www.ecuadoraldia.com.ec\/index.php?rest_route=\/wp\/v2\/posts\/10454"}],"collection":[{"href":"https:\/\/www.ecuadoraldia.com.ec\/index.php?rest_route=\/wp\/v2\/posts"}],"about":[{"href":"https:\/\/www.ecuadoraldia.com.ec\/index.php?rest_route=\/wp\/v2\/types\/post"}],"author":[{"embeddable":true,"href":"https:\/\/www.ecuadoraldia.com.ec\/index.php?rest_route=\/wp\/v2\/users\/1"}],"replies":[{"embeddable":true,"href":"https:\/\/www.ecuadoraldia.com.ec\/index.php?rest_route=%2Fwp%2Fv2%2Fcomments&post=10454"}],"version-history":[{"count":1,"href":"https:\/\/www.ecuadoraldia.com.ec\/index.php?rest_route=\/wp\/v2\/posts\/10454\/revisions"}],"predecessor-version":[{"id":10456,"href":"https:\/\/www.ecuadoraldia.com.ec\/index.php?rest_route=\/wp\/v2\/posts\/10454\/revisions\/10456"}],"wp:attachment":[{"href":"https:\/\/www.ecuadoraldia.com.ec\/index.php?rest_route=%2Fwp%2Fv2%2Fmedia&parent=10454"}],"wp:term":[{"taxonomy":"category","embeddable":true,"href":"https:\/\/www.ecuadoraldia.com.ec\/index.php?rest_route=%2Fwp%2Fv2%2Fcategories&post=10454"},{"taxonomy":"post_tag","embeddable":true,"href":"https:\/\/www.ecuadoraldia.com.ec\/index.php?rest_route=%2Fwp%2Fv2%2Ftags&post=10454"}],"curies":[{"name":"wp","href":"https:\/\/api.w.org\/{rel}","templated":true}]}}