{"id":10457,"date":"2015-09-18T21:38:02","date_gmt":"2015-09-18T21:38:02","guid":{"rendered":"http:\/\/www.ecuadoraldia.com.ec\/?p=10457"},"modified":"2015-09-18T21:38:02","modified_gmt":"2015-09-18T21:38:02","slug":"tabare-vasquez-participara-en-el-inicio-de-dialogo-entre-colombia-y-venezuela","status":"publish","type":"post","link":"https:\/\/www.ecuadoraldia.com.ec\/?p=10457","title":{"rendered":"Tabar\u00e9 V\u00e1squez participar\u00e1 en el inicio de di\u00e1logo entre Colombia y Venezuela"},"content":{"rendered":"<p style=\"text-align: justify;\"><a href=\"http:\/\/www.ecuadoraldia.com.ec\/wp-content\/uploads\/2015\/09\/colombia-vene_.jpg\"><img loading=\"lazy\" decoding=\"async\" class=\"alignleft size-medium wp-image-10458\" src=\"http:\/\/www.ecuadoraldia.com.ec\/wp-content\/uploads\/2015\/09\/colombia-vene_-300x200.jpg\" alt=\"colombia vene_\" width=\"300\" height=\"200\" srcset=\"https:\/\/www.ecuadoraldia.com.ec\/wp-content\/uploads\/2015\/09\/colombia-vene_-300x200.jpg 300w, https:\/\/www.ecuadoraldia.com.ec\/wp-content\/uploads\/2015\/09\/colombia-vene_.jpg 635w\" sizes=\"(max-width: 300px) 100vw, 300px\" \/><\/a>El presidente de Uruguay, Tabar\u00e9 V\u00e1squez, confirm\u00f3 su visita a Ecuador este pr\u00f3ximo lunes 21 para participar en el inicio de los di\u00e1logos entre Colombia y Venezuela.<\/p>\n<p style=\"text-align: justify;\">La cita se realizar\u00e1 en el Palacio de Carondelet, en Quito, desde las 14:00.<\/p>\n<p style=\"text-align: justify;\">Uruguay lleva la presidencia pro t\u00e9mpore de la Uni\u00f3n de Naciones Suramericanas (Unasur) y junto al presidente ecuatoriano Rafael Correa, quien tambi\u00e9n ostenta la presidencia pro t\u00e9mpore de la Comunidad de Estados Latinoamericanos y Caribe\u00f1os (Celac) ser\u00e1n mediadores de los di\u00e1logos.<\/p>\n<p style=\"text-align: justify;\">La canciller\u00eda uruguaya confirm\u00f3 la visita de V\u00e1squez, mediante un bolet\u00edn de prensa, en donde califican al encuentro como un acto \u00aben procura de allanar el camino hacia una soluci\u00f3n al conflicto en la frontera entre ambos pa\u00edses\u00bb.<\/p>\n<p style=\"text-align: justify;\">\u00abLa concreci\u00f3n de esta reuni\u00f3n entre los presidentes de Colombia y Venezuela, a los que acompa\u00f1ar\u00e1n V\u00e1squez y Correa, supone un paso importante para posibilitar el di\u00e1logo que conduzca al encuentro de soluciones duraderas a la crisis planteada entre las dos naciones\u00bb, se\u00f1alaron en el comunicado de prensa.<\/p>\n<p style=\"text-align: justify;\">Los di\u00e1logos se realizan luego de que el pasado s\u00e1bado 12 se realiz\u00f3 un encuentro de las cancilleres Mar\u00eda Angela Holgu\u00edn, de Colombia y Delcy Rodr\u00edguez, de Venezuela, en donde quedaron llevar a consulta de los mandatarios los temas analizados en dicho encuentro, que se realiz\u00f3 en la Canciller\u00eda ecuatoriana por m\u00e1s de 4 horas. (I)<\/p>\n","protected":false},"excerpt":{"rendered":"<p>El presidente de Uruguay, Tabar\u00e9 V\u00e1squez, confirm\u00f3 su visita a Ecuador este pr\u00f3ximo lunes 21 para participar en el inicio<\/p>\n","protected":false},"author":1,"featured_media":0,"comment_status":"open","ping_status":"open","sticky":false,"template":"","format":"standard","meta":{"footnotes":""},"categories":[1],"tags":[],"_links":{"self":[{"href":"https:\/\/www.ecuadoraldia.com.ec\/index.php?rest_route=\/wp\/v2\/posts\/10457"}],"collection":[{"href":"https:\/\/www.ecuadoraldia.com.ec\/index.php?rest_route=\/wp\/v2\/posts"}],"about":[{"href":"https:\/\/www.ecuadoraldia.com.ec\/index.php?rest_route=\/wp\/v2\/types\/post"}],"author":[{"embeddable":true,"href":"https:\/\/www.ecuadoraldia.com.ec\/index.php?rest_route=\/wp\/v2\/users\/1"}],"replies":[{"embeddable":true,"href":"https:\/\/www.ecuadoraldia.com.ec\/index.php?rest_route=%2Fwp%2Fv2%2Fcomments&post=10457"}],"version-history":[{"count":1,"href":"https:\/\/www.ecuadoraldia.com.ec\/index.php?rest_route=\/wp\/v2\/posts\/10457\/revisions"}],"predecessor-version":[{"id":10459,"href":"https:\/\/www.ecuadoraldia.com.ec\/index.php?rest_route=\/wp\/v2\/posts\/10457\/revisions\/10459"}],"wp:attachment":[{"href":"https:\/\/www.ecuadoraldia.com.ec\/index.php?rest_route=%2Fwp%2Fv2%2Fmedia&parent=10457"}],"wp:term":[{"taxonomy":"category","embeddable":true,"href":"https:\/\/www.ecuadoraldia.com.ec\/index.php?rest_route=%2Fwp%2Fv2%2Fcategories&post=10457"},{"taxonomy":"post_tag","embeddable":true,"href":"https:\/\/www.ecuadoraldia.com.ec\/index.php?rest_route=%2Fwp%2Fv2%2Ftags&post=10457"}],"curies":[{"name":"wp","href":"https:\/\/api.w.org\/{rel}","templated":true}]}}