{"id":10460,"date":"2015-09-21T12:28:13","date_gmt":"2015-09-21T12:28:13","guid":{"rendered":"http:\/\/www.ecuadoraldia.com.ec\/?p=10460"},"modified":"2015-09-21T12:28:13","modified_gmt":"2015-09-21T12:28:13","slug":"santos-y-maduro-se-ven-las-caras-en-quito-tras-un-mes-de-crisis-fronteriza","status":"publish","type":"post","link":"https:\/\/www.ecuadoraldia.com.ec\/?p=10460","title":{"rendered":"Santos y Maduro se ven las caras en Quito tras un mes de crisis fronteriza"},"content":{"rendered":"<p style=\"text-align: justify;\"><a href=\"http:\/\/www.ecuadoraldia.com.ec\/wp-content\/uploads\/2015\/09\/21-09-2015-Santos-Maduro.jpg\"><img loading=\"lazy\" decoding=\"async\" class=\"alignleft size-medium wp-image-10461\" src=\"http:\/\/www.ecuadoraldia.com.ec\/wp-content\/uploads\/2015\/09\/21-09-2015-Santos-Maduro-300x183.jpg\" alt=\"21-09-2015-Santos-Maduro\" width=\"300\" height=\"183\" srcset=\"https:\/\/www.ecuadoraldia.com.ec\/wp-content\/uploads\/2015\/09\/21-09-2015-Santos-Maduro-300x183.jpg 300w, https:\/\/www.ecuadoraldia.com.ec\/wp-content\/uploads\/2015\/09\/21-09-2015-Santos-Maduro.jpg 635w\" sizes=\"(max-width: 300px) 100vw, 300px\" \/><\/a>AFP. Tras un mes de distanciamiento diplom\u00e1tico, los presidentes de Colombia, Juan Manuel Santos, y de Venezuela, Nicol\u00e1s Maduro, se re\u00fanen este lunes en Quito para intentar frenar la escalada de tensiones en la frontera a causa de los cierres lim\u00edtrofes dispuestos por Caracas.<\/p>\n<p style=\"text-align: justify;\">Los 2 mandatarios se reencontrar\u00e1n a partir de las 14:00 en el Palacio de Carandolet, a instancias de los gobiernos de Ecuador y de Uruguay.<\/p>\n<p style=\"text-align: justify;\">Los presidentes Rafael Correa y Tabar\u00e9 V\u00e1zquez, quienes ejercen las presidencias pro tempore de la Celac y la Unasur, 2 de los mayores bloques regionales, acompa\u00f1ar\u00e1n la cita.<\/p>\n<p style=\"text-align: justify;\">Los d\u00edas previos al encuentro estuvieron cargados de acusaciones de lado y lado que anticipan una discusi\u00f3n dif\u00edcil, de la que quiz\u00e1 no salga una soluci\u00f3n definitiva a la crisis, seg\u00fan dej\u00f3 entrever Santos.<\/p>\n<p style=\"text-align: justify;\">\u00abViajamos (&#8230;) a Ecuador con las mejores intenciones, pero sin grandes expectativas\u00bb, dijo el mandatario en un mensaje enviado desde Twitter la noche del domingo.<\/p>\n<p style=\"text-align: justify;\">Maduro tambi\u00e9n prev\u00e9 un di\u00e1logo \u00abmuy duro\u00bb. \u00abMe voy a reunir con el presidente Santos, y uno de los temas que le llevo, que es duro, pero tenemos que ver la cruda realidad: \u00bf Van a combatir el narcotr\u00e1fico en Colombia, s\u00ed o no?, afirm\u00f3 el l\u00edder venezolano.<\/p>\n<p style=\"text-align: justify;\">Con un largo historial de incidentes en su porosa frontera de 2.119 km, las relaciones entre Colombia y Venezuela entraron hace un mes en una grave espiral de tensiones.<\/p>\n<p style=\"text-align: justify;\">El 19 de agosto Maduro decret\u00f3 el estado de excepci\u00f3n en puntos fronterizos y orden\u00f3 su cierre, tras un ataque a una patrulla venezolana que dej\u00f3 tres heridos.<\/p>\n<p style=\"text-align: justify;\">El jefe de Estado culp\u00f3 de la acci\u00f3n a paramilitares colombianos implicados en el narcotr\u00e1fico y emprendi\u00f3 una cruzada para sanear la frontera del millonario contrabando de mercanc\u00edas, principalmente de gasolina, y que es estimulado por las diferencias abismales de precios entre pa\u00edses.<\/p>\n<p style=\"text-align: justify;\">Desde entonces han sido deportados 1.532 colombianos y 18.377 han regresado a su pa\u00eds por miedo a ser expulsados, seg\u00fan cifras de la ONU.<\/p>\n<p style=\"text-align: justify;\">Bogot\u00e1 y Caracas se distanciaron a\u00fan m\u00e1s con el llamado a consultas de sus embajadores.<\/p>\n<p style=\"text-align: justify;\">A ra\u00edz del \u00e9xodo de colombianos, muchos de los cuales huyeron por trochas con sus enseres a cuestas, Colombia ha denunciado \u00abun drama humanitario\u00bb, agravado seg\u00fan Bogot\u00e1 por violaciones a los derechos humanos por parte de autoridades venezolanas.<\/p>\n<p style=\"text-align: justify;\">Acosado por una grave crisis econ\u00f3mica de cara a las elecciones legislativas de diciembre, Maduro ha negado los se\u00f1alamientos y ampliado el cierre a otras \u00e1reas fronterizas, al tiempo que endureci\u00f3 su discurso contra Bogot\u00e1.<\/p>\n<p style=\"text-align: justify;\">La crisis escal\u00f3 en la \u00faltima semana con las denuncias de Colombia sobre 3 incursiones a\u00e9reas y una terrestre en su territorio por parte de fuerzas venezolanas.<\/p>\n<p style=\"text-align: justify;\">La llave ecuatoriana<\/p>\n<p style=\"text-align: justify;\">Con esos antecedentes, el encuentro de hoy bien podr\u00eda estar lejos de ser definitivo para resolver la tirante situaci\u00f3n pol\u00edtica y fronteriza.<\/p>\n<p style=\"text-align: justify;\">Las cancilleres de Colombia y Venezuela ya fracasaron en el intento de acercar posiciones durante las 2 reuniones que han sostenido, la \u00faltima de ellas en Quito, desde que estall\u00f3 la crisis.<\/p>\n<p style=\"text-align: justify;\">De ah\u00ed que todas las miradas apunten a Ecuador y Uruguay. Los 2 gobiernos, en su condici\u00f3n de representantes de la Comunidad de Estados Latinoamericanos y Caribe\u00f1os (Celac) y de la Uni\u00f3n de Naciones Suramericanas (Unasur), podr\u00edan tener la clave diplom\u00e1tica en esta coyuntura.<\/p>\n<p style=\"text-align: justify;\">Correa aparece como el facilitador m\u00e1s activo en el di\u00e1logo entre Colombia y Venezuela.<\/p>\n<p style=\"text-align: justify;\">Muy cercano a Maduro, el presidente ecuatoriano mantiene a su vez una relaci\u00f3n cordial con su hom\u00f3logo colombiano.<\/p>\n<p style=\"text-align: justify;\">Correa se anot\u00f3 un primer punto al conseguir que tanto Santos como Maduro aceptaran reunirse sin condiciones previas.<\/p>\n<p style=\"text-align: justify;\">\u00abNuestra gratitud porque, pese a que cada uno ten\u00eda sus leg\u00edtimas aspiraciones, leg\u00edtimas exigencias (&#8230;) el presidente (Juan Manuel) Santos, el presidente (Nicol\u00e1s) Maduro atendieron sin condiciones y con mucha gentileza la invitaci\u00f3n\u00bb, dijo Correa el s\u00e1bado.<\/p>\n<p style=\"text-align: justify;\">El presidente ecuatoriano cree que en Quito \u00abse superar\u00e1n los problemas que han surgido en la frontera colombo-venezolana\u00bb. (I)<\/p>\n","protected":false},"excerpt":{"rendered":"<p>AFP. Tras un mes de distanciamiento diplom\u00e1tico, los presidentes de Colombia, Juan Manuel Santos, y de Venezuela, Nicol\u00e1s Maduro, se<\/p>\n","protected":false},"author":1,"featured_media":0,"comment_status":"open","ping_status":"open","sticky":false,"template":"","format":"standard","meta":{"footnotes":""},"categories":[1],"tags":[],"_links":{"self":[{"href":"https:\/\/www.ecuadoraldia.com.ec\/index.php?rest_route=\/wp\/v2\/posts\/10460"}],"collection":[{"href":"https:\/\/www.ecuadoraldia.com.ec\/index.php?rest_route=\/wp\/v2\/posts"}],"about":[{"href":"https:\/\/www.ecuadoraldia.com.ec\/index.php?rest_route=\/wp\/v2\/types\/post"}],"author":[{"embeddable":true,"href":"https:\/\/www.ecuadoraldia.com.ec\/index.php?rest_route=\/wp\/v2\/users\/1"}],"replies":[{"embeddable":true,"href":"https:\/\/www.ecuadoraldia.com.ec\/index.php?rest_route=%2Fwp%2Fv2%2Fcomments&post=10460"}],"version-history":[{"count":1,"href":"https:\/\/www.ecuadoraldia.com.ec\/index.php?rest_route=\/wp\/v2\/posts\/10460\/revisions"}],"predecessor-version":[{"id":10462,"href":"https:\/\/www.ecuadoraldia.com.ec\/index.php?rest_route=\/wp\/v2\/posts\/10460\/revisions\/10462"}],"wp:attachment":[{"href":"https:\/\/www.ecuadoraldia.com.ec\/index.php?rest_route=%2Fwp%2Fv2%2Fmedia&parent=10460"}],"wp:term":[{"taxonomy":"category","embeddable":true,"href":"https:\/\/www.ecuadoraldia.com.ec\/index.php?rest_route=%2Fwp%2Fv2%2Fcategories&post=10460"},{"taxonomy":"post_tag","embeddable":true,"href":"https:\/\/www.ecuadoraldia.com.ec\/index.php?rest_route=%2Fwp%2Fv2%2Ftags&post=10460"}],"curies":[{"name":"wp","href":"https:\/\/api.w.org\/{rel}","templated":true}]}}