{"id":10463,"date":"2015-09-21T12:36:23","date_gmt":"2015-09-21T12:36:23","guid":{"rendered":"http:\/\/www.ecuadoraldia.com.ec\/?p=10463"},"modified":"2015-09-21T12:36:23","modified_gmt":"2015-09-21T12:36:23","slug":"musica-diversa-y-de-calidad-encanto-en-el-1x1-quito","status":"publish","type":"post","link":"https:\/\/www.ecuadoraldia.com.ec\/?p=10463","title":{"rendered":"M\u00fasica diversa y de calidad encant\u00f3 en el 1&#215;1 Quito"},"content":{"rendered":"<p style=\"text-align: justify;\"><a href=\"http:\/\/www.ecuadoraldia.com.ec\/wp-content\/uploads\/2015\/09\/15-09-19_1x1quito.jpg\"><img loading=\"lazy\" decoding=\"async\" class=\"alignleft size-medium wp-image-10464\" src=\"http:\/\/www.ecuadoraldia.com.ec\/wp-content\/uploads\/2015\/09\/15-09-19_1x1quito-300x157.jpg\" alt=\"15-09-19_1x1quito\" width=\"300\" height=\"157\" srcset=\"https:\/\/www.ecuadoraldia.com.ec\/wp-content\/uploads\/2015\/09\/15-09-19_1x1quito-300x157.jpg 300w, https:\/\/www.ecuadoraldia.com.ec\/wp-content\/uploads\/2015\/09\/15-09-19_1x1quito.jpg 599w\" sizes=\"(max-width: 300px) 100vw, 300px\" \/><\/a>09 19 1&#215;1 Quito. Durante 10 horas, la m\u00fasica nacional retumb\u00f3 en el Parque Bicentenario, este s\u00e1bado 19, en Quito, durante la Feria Concierto 1&#215;1 \u201cQueremos m\u00e1s m\u00fasica hecha en Ecuador\u201d, organizado por la Superintendencia de la Informaci\u00f3n y Comunicaci\u00f3n (SUPERCOM).<\/p>\n<p style=\"text-align: justify;\">\u201cGracias a todos por su apoyo (\u2026) Gracias por el apoyo al artista nacional, es momento de desarrollar la industria musical en Ecuador (\u2026) Bienvenidos y disfruten de esta fiesta musical en la ciudad de Quito\u201d, sostuvo el Superintendente Carlos Ochoa al inicio del evento.<\/p>\n<p style=\"text-align: justify;\">Este concierto es el s\u00e9ptimo realizado, luego de los desarrollados en Cuenca, Manta, Guayaquil, Loja, Portoviejo y Atacames, con motivo de promover el cumplimiento del art\u00edculo 103 de la Ley Org\u00e1nica de Comunicaci\u00f3n (LOC), que establece la figura del 1&#215;1, seg\u00fan la cual por cada canci\u00f3n extranjera que se difunda en las radios del pa\u00eds, debe emitirse una nacional.<\/p>\n<p style=\"text-align: justify;\">El 1&#215;1 Quito se inici\u00f3 a las 10:00, hora en la que simult\u00e1neamente se desarrollaba la Rueda de Negocios ante reconocidos promotores nacionales e internacionales. Peter Lucho fue el primero en subir al escenario. Su presentaci\u00f3n cargada de buen ritmo y alegr\u00eda gust\u00f3 a los asistentes.<\/p>\n<p style=\"text-align: justify;\">Le siguieron Itiel, Los Joelasos, Elois, Cuerdas del Ecuador, UIO, Jerome, Guardaraya, Pu\u00f1o y Nariva, quienes tambi\u00e9n mostraron su talento y arrancaron los aplausos de todos. M\u00e1s de 50 artistas de las provincias de Pichincha, Napo y Orellana encantaron con g\u00e9neros, como Reggaet\u00f3n, Tropical, Bomba, Salsa Urbana, Rock, Folklore, Arm\u00f3nico Simple, entre otros.<\/p>\n<p style=\"text-align: justify;\">\u201cSomos ecuatorianos, eso nunca lo olviden (\u2026) Recordemos que somos Ecuador y nuestra m\u00fasica debe construir identidad\u201d, expres\u00f3 el vocalista de Guardaraya.<\/p>\n<p style=\"text-align: justify;\">El cantante Fausto Mi\u00f1o, uno de los ocho reconocidos artistas que apadrinaron a los nuevos talentos, tambi\u00e9n hizo bailar y suspirar a los presentes con sus canciones, al igual que M\u00e1ximo Escaleras, Gaby \u2013O con Daniel Sais, Aztra y Nathaly Silvana.<\/p>\n<p style=\"text-align: justify;\">Al ritmo de la m\u00fasica nacional, el p\u00fablico tambi\u00e9n pudo degustar de comida tradicional ecuatoriana en la feria gastron\u00f3mica organizada por \u201cLa mesa de los chefs\u201d, de una exposici\u00f3n de autos cl\u00e1sicos y demostraci\u00f3n de autocross, motocicletas, paracaidismo, juegos infantiles y una exhibici\u00f3n de canes amaestrados con la Polic\u00eda Nacional<\/p>\n<p style=\"text-align: justify;\">Uno de los momentos m\u00e1s emotivos fue el reconocimiento a la trayectoria musical de Rub\u00e9n Barba, autor de la popular canci\u00f3n \u201cA mi lindo Ecuador\u201d.<\/p>\n<p style=\"text-align: justify;\">15 09 19 1&#215;1 Rub\u00e9n Barba OK<\/p>\n<p style=\"text-align: justify;\">\u201cEste reconocimiento lo dedico a los ecuatorianos que se encuentran fuera del pa\u00eds\u201d, expres\u00f3 el maestro Barba luego de que el Superintendente Ochoa resaltara lo importante que es el tema, especialmente para quienes se encuentran fuera del territorio ecuatoriano.<\/p>\n<p style=\"text-align: justify;\">Los Hermanos Mi\u00f1o Naranjo recibieron igual distinci\u00f3n por sus 54 a\u00f1os de carrera. \u201cGracias a la SUPERCOM por apoyar al artista ecuatoriano, hist\u00f3ricamente olvidado\u00bb, asegur\u00f3 Eduardo Mi\u00f1o Naranjo. Posteriormente, el d\u00fao interpret\u00f3 varios temas, entre ellos, un popurr\u00ed de m\u00fasica nacional, que se motivaron fuertes aplausos de los asistentes.<\/p>\n<p style=\"text-align: justify;\">15 09 19 1&#215;1 Mi\u00f1o Naranjookk<\/p>\n<p style=\"text-align: justify;\">Al caer la tarde, Los diablos de Cantu\u00f1a, Wilson Andino, Danny Guess y Adri\u00e1n Casta\u00f1eda interpretaron canciones para todos los gustos. Finalmente, Gabino Torres comparti\u00f3 su tema in\u00e9dito \u201cMala perversa, no tienes coraz\u00f3n\u201d y se despidi\u00f3 en medio de un juego de luces.<\/p>\n<p style=\"text-align: justify;\">Ana Rodr\u00edguez, de 52 a\u00f1os, que fue al Bicentenario con su esposo y sus dos hijos, expres\u00f3 su satisfacci\u00f3n por el evento, en especial al conocer que los conciertos 1&#215;1 se institucionalizaron, para lo cual asegur\u00f3 que volver\u00e1 con su familia en enero pr\u00f3ximo, cuando se efectuar\u00e1 un nuevo encuentro musical, en el que cantar\u00e1n m\u00e1s exponentes ecuatorianos.<\/p>\n<p style=\"text-align: justify;\">\u201cMe encanta la m\u00fasica nacional y quiero que mis hijos conozcan la riqueza musical que tenemos como pa\u00eds. Me voy contenta\u201d, expres\u00f3 tras culminar la feria concierto, pasadas las 20:00. (Fuente Supercom)<\/p>\n","protected":false},"excerpt":{"rendered":"<p>09 19 1&#215;1 Quito. Durante 10 horas, la m\u00fasica nacional retumb\u00f3 en el Parque Bicentenario, este s\u00e1bado 19, en Quito,<\/p>\n","protected":false},"author":1,"featured_media":0,"comment_status":"open","ping_status":"open","sticky":false,"template":"","format":"standard","meta":{"footnotes":""},"categories":[4],"tags":[],"_links":{"self":[{"href":"https:\/\/www.ecuadoraldia.com.ec\/index.php?rest_route=\/wp\/v2\/posts\/10463"}],"collection":[{"href":"https:\/\/www.ecuadoraldia.com.ec\/index.php?rest_route=\/wp\/v2\/posts"}],"about":[{"href":"https:\/\/www.ecuadoraldia.com.ec\/index.php?rest_route=\/wp\/v2\/types\/post"}],"author":[{"embeddable":true,"href":"https:\/\/www.ecuadoraldia.com.ec\/index.php?rest_route=\/wp\/v2\/users\/1"}],"replies":[{"embeddable":true,"href":"https:\/\/www.ecuadoraldia.com.ec\/index.php?rest_route=%2Fwp%2Fv2%2Fcomments&post=10463"}],"version-history":[{"count":1,"href":"https:\/\/www.ecuadoraldia.com.ec\/index.php?rest_route=\/wp\/v2\/posts\/10463\/revisions"}],"predecessor-version":[{"id":10465,"href":"https:\/\/www.ecuadoraldia.com.ec\/index.php?rest_route=\/wp\/v2\/posts\/10463\/revisions\/10465"}],"wp:attachment":[{"href":"https:\/\/www.ecuadoraldia.com.ec\/index.php?rest_route=%2Fwp%2Fv2%2Fmedia&parent=10463"}],"wp:term":[{"taxonomy":"category","embeddable":true,"href":"https:\/\/www.ecuadoraldia.com.ec\/index.php?rest_route=%2Fwp%2Fv2%2Fcategories&post=10463"},{"taxonomy":"post_tag","embeddable":true,"href":"https:\/\/www.ecuadoraldia.com.ec\/index.php?rest_route=%2Fwp%2Fv2%2Ftags&post=10463"}],"curies":[{"name":"wp","href":"https:\/\/api.w.org\/{rel}","templated":true}]}}