{"id":10466,"date":"2015-09-21T12:39:35","date_gmt":"2015-09-21T12:39:35","guid":{"rendered":"http:\/\/www.ecuadoraldia.com.ec\/?p=10466"},"modified":"2015-09-21T12:39:52","modified_gmt":"2015-09-21T12:39:52","slug":"dgac-emitio-reglamentacion-para-el-uso-de-drones-en-ecuador","status":"publish","type":"post","link":"https:\/\/www.ecuadoraldia.com.ec\/?p=10466","title":{"rendered":"DGAC emiti\u00f3 reglamentaci\u00f3n para el uso de drones en Ecuador"},"content":{"rendered":"<p style=\"text-align: justify;\"><a href=\"http:\/\/www.ecuadoraldia.com.ec\/wp-content\/uploads\/2015\/09\/25-06-2015-Drones_.jpg\"><img loading=\"lazy\" decoding=\"async\" class=\"alignleft size-medium wp-image-10467\" src=\"http:\/\/www.ecuadoraldia.com.ec\/wp-content\/uploads\/2015\/09\/25-06-2015-Drones_-300x152.jpg\" alt=\"25-06-2015-Drones_\" width=\"300\" height=\"152\" srcset=\"https:\/\/www.ecuadoraldia.com.ec\/wp-content\/uploads\/2015\/09\/25-06-2015-Drones_-300x152.jpg 300w, https:\/\/www.ecuadoraldia.com.ec\/wp-content\/uploads\/2015\/09\/25-06-2015-Drones_.jpg 635w\" sizes=\"(max-width: 300px) 100vw, 300px\" \/><\/a>La Direcci\u00f3n General de Aviaci\u00f3n Civil emiti\u00f3 el jueves 17 de septiembre un reglamento para el uso de Sistemas de Aeronaves Pilotadas a Distancia (RPAS), conocidas como drones o Sistemas de Aeronaves No Tripuladas (UAS).<\/p>\n<p style=\"text-align: justify;\">La resoluci\u00f3n proh\u00edbe la operaci\u00f3n de los artefactos en espacios a\u00e9reos controlados. Debe realizarse a m\u00ednimo 9 kil\u00f3metros de cualquier aer\u00f3dromo o base a\u00e9rea militar.<\/p>\n<p style=\"text-align: justify;\">La altura m\u00e1xima de vuelo es de 122 metros y ser\u00e1n operados solo en el d\u00eda, \u201cen condiciones meteorol\u00f3gicas de vuelo visual (VMC), libre de nubes, neblina, precipitaci\u00f3n o cualquier otra condici\u00f3n que obstruya o pueda obstruir el contacto visual permanente con la RPAS\/UAS\u201d.<\/p>\n<p style=\"text-align: justify;\">LEA EL REGLAMENTO AQU\u00ed<\/p>\n<p style=\"text-align: justify;\">Adem\u00e1s, la persona que opere el aparato ser\u00e1 responsable de hacerlo durante todo el vuelo, \u201cen forma solidaria con el propietario de la eronave\u201d. Ninguna persona podr\u00e1 manejarlo si est\u00e1 fatigado o pudiera sufrir los efectos de la fatiga, est\u00e1 bajo el efecto del alcohol o cualquier droga \u201cque pudiera afectar sus facultades para operar los controles de manera segura\u201d.<\/p>\n<p style=\"text-align: justify;\">Si el dron tiene la capacidad de realizar vuelo autom\u00e1tico, esta funci\u00f3n podr\u00e1 ser utilizada solo si le permite al operador tomar el control en cualquier momento. El operador ser\u00e1 responsable adem\u00e1s de asegurarse de que el aparato se maneje de acuerdo con las limitaciones operaciones establecidas por el fabricante.<\/p>\n<p style=\"text-align: justify;\">Adem\u00e1s, el propietario debe contratar una p\u00f3liza de seguros de responsabilidad civil a terceros con montos m\u00ednimos de $ 3.000 a $ 5.000, de acuerdo al tama\u00f1o del dron. (tomado del telegrafo)<\/p>\n","protected":false},"excerpt":{"rendered":"<p>La Direcci\u00f3n General de Aviaci\u00f3n Civil emiti\u00f3 el jueves 17 de septiembre un reglamento para el uso de Sistemas de<\/p>\n","protected":false},"author":1,"featured_media":0,"comment_status":"open","ping_status":"open","sticky":false,"template":"","format":"standard","meta":{"footnotes":""},"categories":[1],"tags":[],"_links":{"self":[{"href":"https:\/\/www.ecuadoraldia.com.ec\/index.php?rest_route=\/wp\/v2\/posts\/10466"}],"collection":[{"href":"https:\/\/www.ecuadoraldia.com.ec\/index.php?rest_route=\/wp\/v2\/posts"}],"about":[{"href":"https:\/\/www.ecuadoraldia.com.ec\/index.php?rest_route=\/wp\/v2\/types\/post"}],"author":[{"embeddable":true,"href":"https:\/\/www.ecuadoraldia.com.ec\/index.php?rest_route=\/wp\/v2\/users\/1"}],"replies":[{"embeddable":true,"href":"https:\/\/www.ecuadoraldia.com.ec\/index.php?rest_route=%2Fwp%2Fv2%2Fcomments&post=10466"}],"version-history":[{"count":2,"href":"https:\/\/www.ecuadoraldia.com.ec\/index.php?rest_route=\/wp\/v2\/posts\/10466\/revisions"}],"predecessor-version":[{"id":10469,"href":"https:\/\/www.ecuadoraldia.com.ec\/index.php?rest_route=\/wp\/v2\/posts\/10466\/revisions\/10469"}],"wp:attachment":[{"href":"https:\/\/www.ecuadoraldia.com.ec\/index.php?rest_route=%2Fwp%2Fv2%2Fmedia&parent=10466"}],"wp:term":[{"taxonomy":"category","embeddable":true,"href":"https:\/\/www.ecuadoraldia.com.ec\/index.php?rest_route=%2Fwp%2Fv2%2Fcategories&post=10466"},{"taxonomy":"post_tag","embeddable":true,"href":"https:\/\/www.ecuadoraldia.com.ec\/index.php?rest_route=%2Fwp%2Fv2%2Ftags&post=10466"}],"curies":[{"name":"wp","href":"https:\/\/api.w.org\/{rel}","templated":true}]}}