{"id":10470,"date":"2015-09-21T12:41:56","date_gmt":"2015-09-21T12:41:56","guid":{"rendered":"http:\/\/www.ecuadoraldia.com.ec\/?p=10470"},"modified":"2015-09-21T12:41:56","modified_gmt":"2015-09-21T12:41:56","slug":"canal-uno-sancionado-por-difundir-contenido-violento-en-horario-familiar","status":"publish","type":"post","link":"https:\/\/www.ecuadoraldia.com.ec\/?p=10470","title":{"rendered":"Canal Uno, sancionado por difundir contenido violento en horario familiar"},"content":{"rendered":"<p style=\"text-align: justify;\"><a href=\"http:\/\/www.ecuadoraldia.com.ec\/wp-content\/uploads\/2015\/09\/15-09-11_Canal_Uno.jpg\"><img loading=\"lazy\" decoding=\"async\" class=\"alignleft size-medium wp-image-10471\" src=\"http:\/\/www.ecuadoraldia.com.ec\/wp-content\/uploads\/2015\/09\/15-09-11_Canal_Uno-300x150.jpg\" alt=\"15-09-11_Canal_Uno\" width=\"300\" height=\"150\" srcset=\"https:\/\/www.ecuadoraldia.com.ec\/wp-content\/uploads\/2015\/09\/15-09-11_Canal_Uno-300x150.jpg 300w, https:\/\/www.ecuadoraldia.com.ec\/wp-content\/uploads\/2015\/09\/15-09-11_Canal_Uno.jpg 800w\" sizes=\"(max-width: 300px) 100vw, 300px\" \/><\/a>09 11 Canal Uno. La Superintendencia de la Informaci\u00f3n y Comunicaci\u00f3n (SUPERCOM), de conformidad con las atribuciones contempladas en el art\u00edculo 56 de la Ley Org\u00e1nica de Comunicaci\u00f3n (LOC), determin\u00f3 que el medio Canal Uno S.A. difundi\u00f3 contenido violento, el 13 de julio de 2015, en el programa \u201cFaranduleros\u201d, en el horario de 16:00 a 17:30, con lo que inobserv\u00f3 el art\u00edculo 66 de la normativa vigente.<\/p>\n<p style=\"text-align: justify;\">En consecuencia y tras el debido proceso se impuso al medio de comunicaci\u00f3n una multa equivalente a cinco salarios b\u00e1sicos unificados, valor que deber\u00e1 ser transferido o depositado a la cuenta corriente de este organismo de control, en un plazo no mayor a 72 horas contadas a partir de la fecha de su notificaci\u00f3n.<\/p>\n<p style=\"text-align: justify;\">El art\u00edculo 66 se\u00f1ala que \u201cse entender\u00e1 por contenido violento aquel que denote el uso intencional de la fuerza f\u00edsica o psicol\u00f3gica, de obra o de palabra, contra uno mismo, contra cualquier otra persona, grupo o comunidad, as\u00ed como en contra de los seres vivos y la naturaleza. Estos contenidos solo podr\u00e1n difundirse en las franjas de responsabilidad compartida y adultos de acuerdo con lo establecido en esta ley\u201d.<\/p>\n<p style=\"text-align: justify;\">ANTECEDENTES<\/p>\n<p style=\"text-align: justify;\">-El 13 de julio de 2015, Canal Uno S.A. transmiti\u00f3 el programa denominado Faranduleros\u201d, en el horario de 16:00 a 17:30.<\/p>\n<p style=\"text-align: justify;\">-El 05 de agosto de 2015, esta Superintendencia emiti\u00f3 el Reporte Interno No. SUPERCOM-INPA-039-2015, en el cual se alert\u00f3 de un presunto incumplimiento del art\u00edculo 66 de la LOC.<\/p>\n<p style=\"text-align: justify;\">-Tras notificar a las partes se convoc\u00f3 a la Audiencia de Sustanciaci\u00f3n establecida para el 02 de septiembre de 2015, tal como lo se\u00f1ala el art\u00edculo 14 del Reglamento para el Procesamiento de Infracciones Administrativas a la LOC.<\/p>\n<p style=\"text-align: justify;\">-En la fecha mencionada se constat\u00f3 la presencia de la se\u00f1ora Ver\u00f3nica Janett Bola\u00f1os J\u00e1come, Gerente General y representante legal del medio de comunicaci\u00f3n social, y del abogado Alejandro Salguero Manosalvas en representaci\u00f3n de la SUPERCOM.<\/p>\n<p style=\"text-align: justify;\">-La se\u00f1ora Bola\u00f1os aclar\u00f3 que luego de varias temporadas, el programa \u201cFaranduleros\u201d no ha sido objeto de cuestionamientos ni descalificaci\u00f3n. A\u00f1adi\u00f3 que los comentarios posteriores a la difusi\u00f3n de reportes o noticias correspondieron \u00fanicamente a sus autores y no reflejaron la posici\u00f3n o criterio del canal.<\/p>\n<p style=\"text-align: justify;\">Expres\u00f3, adem\u00e1s, que el medio no busc\u00f3 mostrar un contenido violento, pues las im\u00e1genes fueron difuminadas y estas salieron en todos los noticieros, en los de far\u00e1ndula en horarios similares. Por tanto, rechaz\u00f3 el reporte interno, en el sentido de que se haya mostrado este tipo de contenidos, mucho menos \u201cde forma intencional\u201d.<\/p>\n<p style=\"text-align: justify;\">Tambi\u00e9n manifest\u00f3 que la producci\u00f3n del programa ni el canal de TV \u201casumen como suyas las expresiones de sus protagonistas que son plenamente identificados\u201d en dicho video.<\/p>\n<p style=\"text-align: justify;\">-Por su parte, el abogado Salguero ratific\u00f3 las conclusiones del reporte interno y reiter\u00f3 que la agresi\u00f3n a la modelo Angie Silva fue un hecho social propagado ampliamente por los medios de comunicaci\u00f3n; sin embargo, la nota transmitida por el medio reportado fue violenta, puesto que se mostr\u00f3 \u201cel uso intencional de la fuerza f\u00edsica e incluso psicol\u00f3gica a trav\u00e9s de insultos, ese contenido no pod\u00eda ser difundido en la franja horaria [A] y eso es una obligaci\u00f3n jur\u00eddica, un deber jur\u00eddico absoluto que el medio de comunicaci\u00f3n debe observar\u201d, asegur\u00f3.<\/p>\n<p style=\"text-align: justify;\">Luego del an\u00e1lisis de los elementos jur\u00eddicos y de las pruebas presentadas durante el proceso, se determin\u00f3 que el medio emiti\u00f3 contenido violento a trav\u00e9s de un \u201cvideo captado por una c\u00e1mara, en el cual se observa las agresiones f\u00edsicas que entre varias personas le propician a la modelo Angie Silva, adem\u00e1s del audio sin censura, en el que se escucha insultos; es decir, se evidencia la difusi\u00f3n de im\u00e1genes en donde se verifica la concurrencia de actos tendientes a causar da\u00f1o a otras personas\u201d. Estas im\u00e1genes se transmitieron de 16:00 a 17:30, en una franja horaria que incluye a todos los miembros de la familia, principalmente ni\u00f1os, ni\u00f1as y adolescentes, con lo que se constat\u00f3 la violaci\u00f3n e inobservancia de lo que dispone el art\u00edculo 66.<\/p>\n<p style=\"text-align: justify;\">Se recalc\u00f3 que en el video se mostr\u00f3 el uso intencional de la fuerza f\u00edsica en contra de una persona y que la difuminaci\u00f3n fue leve, por lo que los mismos presentadores expresaron \u201cbastante n\u00edtidas las im\u00e1genes que veremos, tomadas de un \u00e1ngulo bastante cercano, en donde incluso se escucha un audio casi perfecto de cada una de las palabras que dice la Barbie del Sur, sus amigas y la v\u00edctima\u201d.<\/p>\n<p style=\"text-align: justify;\">Si bien el contenido difundido no fue asumido expresamente por el medio reportado tampoco fue \u201catribuido expl\u00edcitamente a otras personas, por lo que existe responsabilidad ulterior\u201d de la estaci\u00f3n televisiva, en el \u00e1mbito administrativo, de conformidad con lo dispuesto en el art\u00edculo 20 de la LOC.<\/p>\n<p style=\"text-align: justify;\">La SUPECOM recuerda la vigencia del Reglamento que Establece los Par\u00e1metros T\u00e9cnicos para la Definici\u00f3n de Audiencias, Franjas Horarias, Clasificaci\u00f3n de Programaci\u00f3n, Calificaci\u00f3n de Contenidos, Incluidos los Publicitarios, que se Difunden en los Medios de Comunicaci\u00f3n Social. El art\u00edculo 6 se\u00f1ala los par\u00e1metros t\u00e9cnicos para la definici\u00f3n de las franjas horarias: familiar (de 06:00 a 18:00), de responsabilidad compartida (18:00 a 22:00) y de Adultos (de 22:00 a 06:00). SUPERCOM<\/p>\n","protected":false},"excerpt":{"rendered":"<p>09 11 Canal Uno. La Superintendencia de la Informaci\u00f3n y Comunicaci\u00f3n (SUPERCOM), de conformidad con las atribuciones contempladas en el<\/p>\n","protected":false},"author":1,"featured_media":0,"comment_status":"open","ping_status":"open","sticky":false,"template":"","format":"standard","meta":{"footnotes":""},"categories":[11],"tags":[],"_links":{"self":[{"href":"https:\/\/www.ecuadoraldia.com.ec\/index.php?rest_route=\/wp\/v2\/posts\/10470"}],"collection":[{"href":"https:\/\/www.ecuadoraldia.com.ec\/index.php?rest_route=\/wp\/v2\/posts"}],"about":[{"href":"https:\/\/www.ecuadoraldia.com.ec\/index.php?rest_route=\/wp\/v2\/types\/post"}],"author":[{"embeddable":true,"href":"https:\/\/www.ecuadoraldia.com.ec\/index.php?rest_route=\/wp\/v2\/users\/1"}],"replies":[{"embeddable":true,"href":"https:\/\/www.ecuadoraldia.com.ec\/index.php?rest_route=%2Fwp%2Fv2%2Fcomments&post=10470"}],"version-history":[{"count":1,"href":"https:\/\/www.ecuadoraldia.com.ec\/index.php?rest_route=\/wp\/v2\/posts\/10470\/revisions"}],"predecessor-version":[{"id":10472,"href":"https:\/\/www.ecuadoraldia.com.ec\/index.php?rest_route=\/wp\/v2\/posts\/10470\/revisions\/10472"}],"wp:attachment":[{"href":"https:\/\/www.ecuadoraldia.com.ec\/index.php?rest_route=%2Fwp%2Fv2%2Fmedia&parent=10470"}],"wp:term":[{"taxonomy":"category","embeddable":true,"href":"https:\/\/www.ecuadoraldia.com.ec\/index.php?rest_route=%2Fwp%2Fv2%2Fcategories&post=10470"},{"taxonomy":"post_tag","embeddable":true,"href":"https:\/\/www.ecuadoraldia.com.ec\/index.php?rest_route=%2Fwp%2Fv2%2Ftags&post=10470"}],"curies":[{"name":"wp","href":"https:\/\/api.w.org\/{rel}","templated":true}]}}