{"id":10476,"date":"2015-09-21T17:44:36","date_gmt":"2015-09-21T17:44:36","guid":{"rendered":"http:\/\/www.ecuadoraldia.com.ec\/?p=10476"},"modified":"2015-09-21T17:44:36","modified_gmt":"2015-09-21T17:44:36","slug":"tabare-vasquez-llega-a-quito-para-cita-regional","status":"publish","type":"post","link":"https:\/\/www.ecuadoraldia.com.ec\/?p=10476","title":{"rendered":"Tabar\u00e9 V\u00e1squez llega a Quito para cita regional"},"content":{"rendered":"<figure id=\"attachment_10477\" aria-describedby=\"caption-attachment-10477\" style=\"width: 300px\" class=\"wp-caption alignleft\"><a href=\"http:\/\/www.ecuadoraldia.com.ec\/wp-content\/uploads\/2015\/09\/tab.jpg\"><img loading=\"lazy\" decoding=\"async\" class=\"size-medium wp-image-10477\" src=\"http:\/\/www.ecuadoraldia.com.ec\/wp-content\/uploads\/2015\/09\/tab-300x185.jpg\" alt=\"ACT EL PRESIDENTE URUGUAYO TABARE VASQUEZ FUE RECIBIDO POR NINOS DE LA ESCUELA CDIB Q Y EL VICECANCILLER ECUATORIANO EN ELAEROPURTOINTERNACIONAL DE QUITO    MARCO SALGADO - EL TELEGRAFO\" width=\"300\" height=\"185\" srcset=\"https:\/\/www.ecuadoraldia.com.ec\/wp-content\/uploads\/2015\/09\/tab-300x185.jpg 300w, https:\/\/www.ecuadoraldia.com.ec\/wp-content\/uploads\/2015\/09\/tab.jpg 800w\" sizes=\"(max-width: 300px) 100vw, 300px\" \/><\/a><figcaption id=\"caption-attachment-10477\" class=\"wp-caption-text\">ACT EL PRESIDENTE URUGUAYO TABARE VASQUEZ FUE RECIBIDO POR NINOS DE LA ESCUELA CDIB Q Y EL VICECANCILLER ECUATORIANO EN ELAEROPURTOINTERNACIONAL DE QUITO MARCO SALGADO &#8211; EL TELEGRAFO<\/figcaption><\/figure>\n<p style=\"text-align: justify;\">Cerca de las 10:55 lleg\u00f3 al pa\u00eds el presidente uruguayo, Tabar\u00e9 V\u00e1squez. El vicecanciller Leonardo Ar\u00edzaga lo recibi\u00f3.<\/p>\n<p style=\"text-align: justify;\">\u00abLes traigo el saludo del pueblo uruguayo que quiere al ecuatoriano\u00bb, dijo V\u00e1squez, quien manifest\u00f3 que con Ecuador comparten la pasi\u00f3n por el f\u00fatbol.<\/p>\n<p style=\"text-align: justify;\">\u00abAl pisar tierra ecuatoriana quiero recordar a alguien que siendo ecuatoriano fue para nosotros en el terreno futbol\u00edstico un pr\u00f3cer. Me estoy refiriendo a don Alberto Spencer, que le guardo un profundo cari\u00f1o\u00bb, se\u00f1al\u00f3.<\/p>\n<p style=\"text-align: justify;\">Uruguay mantiene la presidencia pro t\u00e9mpore de la Uni\u00f3n de Naciones Suramericanas (Unasur) y junto con Ecuador, quien preside de manera pro t\u00e9mpore la Comunidad de Estados Latinoamericanos y Caribe\u00f1os (Celac) ser\u00e1n mediadores para buscar una salida al impasse fronterizo entre Venezuela y Colombia<\/p>\n<p style=\"text-align: justify;\">\u00abEcuatorianos y ecuatorianas gracias por esta recepci\u00f3n que me han dado que realmente me ha emocionado y ha llenado de alegr\u00eda. Muchas gracias por estar aqu\u00ed\u00bb, dijo.<\/p>\n<p style=\"text-align: justify;\">Posteriormente se traslad\u00f3 hasta el Palacio de Carondelet en donde fue recibido, en primera instancia, por el canciller Ricardo Pati\u00f1o. Luego de los actos protocolarios, V\u00e1squez y su hom\u00f3logo ecuatoriano, Rafael Correa, saludaron en la puerta de ingreso de la sede de gobierno.<\/p>\n<p style=\"text-align: justify;\">Se espera el arribo de los presidentes Nicol\u00e1s Maduro, de Venezuela y Juan Manuel Santos, de Colombia, pasado el mediod\u00eda. La cita entre ambos presidentes est\u00e1 prevista para las 14:00. (I)<\/p>\n","protected":false},"excerpt":{"rendered":"<p>Cerca de las 10:55 lleg\u00f3 al pa\u00eds el presidente uruguayo, Tabar\u00e9 V\u00e1squez. El vicecanciller Leonardo Ar\u00edzaga lo recibi\u00f3. \u00abLes traigo<\/p>\n","protected":false},"author":1,"featured_media":0,"comment_status":"open","ping_status":"open","sticky":false,"template":"","format":"standard","meta":{"footnotes":""},"categories":[1],"tags":[],"_links":{"self":[{"href":"https:\/\/www.ecuadoraldia.com.ec\/index.php?rest_route=\/wp\/v2\/posts\/10476"}],"collection":[{"href":"https:\/\/www.ecuadoraldia.com.ec\/index.php?rest_route=\/wp\/v2\/posts"}],"about":[{"href":"https:\/\/www.ecuadoraldia.com.ec\/index.php?rest_route=\/wp\/v2\/types\/post"}],"author":[{"embeddable":true,"href":"https:\/\/www.ecuadoraldia.com.ec\/index.php?rest_route=\/wp\/v2\/users\/1"}],"replies":[{"embeddable":true,"href":"https:\/\/www.ecuadoraldia.com.ec\/index.php?rest_route=%2Fwp%2Fv2%2Fcomments&post=10476"}],"version-history":[{"count":1,"href":"https:\/\/www.ecuadoraldia.com.ec\/index.php?rest_route=\/wp\/v2\/posts\/10476\/revisions"}],"predecessor-version":[{"id":10478,"href":"https:\/\/www.ecuadoraldia.com.ec\/index.php?rest_route=\/wp\/v2\/posts\/10476\/revisions\/10478"}],"wp:attachment":[{"href":"https:\/\/www.ecuadoraldia.com.ec\/index.php?rest_route=%2Fwp%2Fv2%2Fmedia&parent=10476"}],"wp:term":[{"taxonomy":"category","embeddable":true,"href":"https:\/\/www.ecuadoraldia.com.ec\/index.php?rest_route=%2Fwp%2Fv2%2Fcategories&post=10476"},{"taxonomy":"post_tag","embeddable":true,"href":"https:\/\/www.ecuadoraldia.com.ec\/index.php?rest_route=%2Fwp%2Fv2%2Ftags&post=10476"}],"curies":[{"name":"wp","href":"https:\/\/api.w.org\/{rel}","templated":true}]}}