{"id":10482,"date":"2015-09-21T21:26:20","date_gmt":"2015-09-21T21:26:20","guid":{"rendered":"http:\/\/www.ecuadoraldia.com.ec\/?p=10482"},"modified":"2015-09-21T21:37:42","modified_gmt":"2015-09-21T21:37:42","slug":"prefecto-del-oro-se-juega-el-cargo","status":"publish","type":"post","link":"https:\/\/www.ecuadoraldia.com.ec\/?p=10482","title":{"rendered":"\u00abPREFECTO DEL ORO SE JUEGA EL CARGO"},"content":{"rendered":"<p style=\"text-align: justify;\"><a href=\"http:\/\/www.ecuadoraldia.com.ec\/wp-content\/uploads\/2015\/09\/Quirola-2.jpg\"><img loading=\"lazy\" decoding=\"async\" class=\"alignleft size-medium wp-image-10483\" src=\"http:\/\/www.ecuadoraldia.com.ec\/wp-content\/uploads\/2015\/09\/Quirola-2-300x215.jpg\" alt=\"Quirola (2)\" width=\"300\" height=\"215\" srcset=\"https:\/\/www.ecuadoraldia.com.ec\/wp-content\/uploads\/2015\/09\/Quirola-2-300x215.jpg 300w, https:\/\/www.ecuadoraldia.com.ec\/wp-content\/uploads\/2015\/09\/Quirola-2.jpg 907w\" sizes=\"(max-width: 300px) 100vw, 300px\" \/><\/a>Machala , 21 de septiembre del 2015. El 1\u00ba octubre deciden sobre su condena por agresi\u00f3n.<\/p>\n<p style=\"text-align: justify;\">La sala de lo penal de Machala resolver\u00e1 el pr\u00f3ximo 1\u00ba de octubre sobre la apelaci\u00f3n que hiciera el prefecto de El Oro, Esteban Quirola Bustos , ( P.S.C. SUMA) por la condena en su contra por agresi\u00f3n al abogado Sim\u00f3n Rodolfo Fern\u00e1ndez Garc\u00eda.<\/p>\n<p style=\"text-align: justify;\">La ratificaci\u00f3n de esta condena podr\u00eda tener importantes consecuencias debido al cargo que Quirola desempe\u00f1a como prefecto. Una sentencia en firme podr\u00eda ser motivo para su destituci\u00f3n de tan importante cargo.<\/p>\n<p style=\"text-align: justify;\">La decisi\u00f3n del Juez Ramiro Loayza Ortega, de la Unidad Judicial Penal con sede en el cant\u00f3n Machala de El Oro, tambi\u00e9n obliga al condenado a pagar $354 de multa m\u00e1s $1050 a la v\u00edctima.<\/p>\n<p style=\"text-align: justify;\">Si la sala ratifica la sentencia , Esteban Quirola deber\u00e1 cumplir 10 d\u00edas de privaci\u00f3n de la libertad y 180 d\u00edas de labor comunitaria.<\/p>\n<p style=\"text-align: justify;\">La agresi\u00f3n tuvo lugar en un estadio de f\u00fatbol frente a numerosos testigos, seg\u00fan la condena.<\/p>\n<p style=\"text-align: justify;\">Atentamente,<\/p>\n<p style=\"text-align: justify;\">R.R.P.P.<\/p>\n<p style=\"text-align: justify;\">ARTI Y ARTE Oficina de Comunicaci\u00f3n<\/p>\n<p style=\"text-align: justify;\">Los detalles de la sentencia esta publicada en WEB de la Funci\u00f3n Judicial del Oro.<\/p>\n<p style=\"text-align: justify;\">EL DATO<\/p>\n<p style=\"text-align: justify;\"><a href=\"http:\/\/www.ecuadoraldia.com.ec\/wp-content\/uploads\/2015\/09\/Sim\u00f3n-Fern\u00e1ndez.jpg\"><img loading=\"lazy\" decoding=\"async\" class=\"alignleft size-medium wp-image-10485\" src=\"http:\/\/www.ecuadoraldia.com.ec\/wp-content\/uploads\/2015\/09\/Sim\u00f3n-Fern\u00e1ndez-300x300.jpg\" alt=\"Sim\u00f3n-Fern\u00e1ndez\" width=\"300\" height=\"300\" srcset=\"https:\/\/www.ecuadoraldia.com.ec\/wp-content\/uploads\/2015\/09\/Sim\u00f3n-Fern\u00e1ndez-300x300.jpg 300w, https:\/\/www.ecuadoraldia.com.ec\/wp-content\/uploads\/2015\/09\/Sim\u00f3n-Fern\u00e1ndez-150x150.jpg 150w, https:\/\/www.ecuadoraldia.com.ec\/wp-content\/uploads\/2015\/09\/Sim\u00f3n-Fern\u00e1ndez.jpg 600w\" sizes=\"(max-width: 300px) 100vw, 300px\" \/><\/a>En noviembre del 2014. El prefecto de El Oro, Esteban Quirola Bustos, fue denunciado en la fiscal\u00eda por el abogado Sim\u00f3n Fern\u00e1ndez, quien lo acusa de haberlo agredido f\u00edsicamente en Machala.<\/p>\n<p style=\"text-align: justify;\">Seg\u00fan la denuncia, los hechos ocurrieron el pasado lunes en una cancha de f\u00fatbol, en donde se encontraron los involucrados. De acuerdo a la versi\u00f3n de Fern\u00e1ndez fue atacado con golpes y llaves de artes marciales por parte de Quirola, al punto que estuvo a punto de morir por asfixia.<\/p>\n<p style=\"text-align: justify;\">El prefecto, en su declaraci\u00f3n voluntaria presentada en la Fiscal\u00eda, asegura que fue Fern\u00e1ndez quien intent\u00f3 agredirlo primero y lo que hizo fue defenderse en forma leg\u00edtima y le dio \u201cun par de cocachos\u201d. Lo relatado por el acusador le parece una exageraci\u00f3n.<\/p>\n<p style=\"text-align: justify;\">El Partido Social Cristiano de Machala se pronunci\u00f3. Lament\u00f3 estos hechos y record\u00f3 que Quirola estuvo en alianza con este partido s\u00f3lo para las elecciones, pero que pertenece al movimiento Suma.<\/p>\n","protected":false},"excerpt":{"rendered":"<p>Machala , 21 de septiembre del 2015. El 1\u00ba octubre deciden sobre su condena por agresi\u00f3n. La sala de lo<\/p>\n","protected":false},"author":1,"featured_media":0,"comment_status":"open","ping_status":"open","sticky":false,"template":"","format":"standard","meta":{"footnotes":""},"categories":[5],"tags":[],"_links":{"self":[{"href":"https:\/\/www.ecuadoraldia.com.ec\/index.php?rest_route=\/wp\/v2\/posts\/10482"}],"collection":[{"href":"https:\/\/www.ecuadoraldia.com.ec\/index.php?rest_route=\/wp\/v2\/posts"}],"about":[{"href":"https:\/\/www.ecuadoraldia.com.ec\/index.php?rest_route=\/wp\/v2\/types\/post"}],"author":[{"embeddable":true,"href":"https:\/\/www.ecuadoraldia.com.ec\/index.php?rest_route=\/wp\/v2\/users\/1"}],"replies":[{"embeddable":true,"href":"https:\/\/www.ecuadoraldia.com.ec\/index.php?rest_route=%2Fwp%2Fv2%2Fcomments&post=10482"}],"version-history":[{"count":4,"href":"https:\/\/www.ecuadoraldia.com.ec\/index.php?rest_route=\/wp\/v2\/posts\/10482\/revisions"}],"predecessor-version":[{"id":10488,"href":"https:\/\/www.ecuadoraldia.com.ec\/index.php?rest_route=\/wp\/v2\/posts\/10482\/revisions\/10488"}],"wp:attachment":[{"href":"https:\/\/www.ecuadoraldia.com.ec\/index.php?rest_route=%2Fwp%2Fv2%2Fmedia&parent=10482"}],"wp:term":[{"taxonomy":"category","embeddable":true,"href":"https:\/\/www.ecuadoraldia.com.ec\/index.php?rest_route=%2Fwp%2Fv2%2Fcategories&post=10482"},{"taxonomy":"post_tag","embeddable":true,"href":"https:\/\/www.ecuadoraldia.com.ec\/index.php?rest_route=%2Fwp%2Fv2%2Ftags&post=10482"}],"curies":[{"name":"wp","href":"https:\/\/api.w.org\/{rel}","templated":true}]}}