{"id":10489,"date":"2015-09-22T22:38:50","date_gmt":"2015-09-22T22:38:50","guid":{"rendered":"http:\/\/www.ecuadoraldia.com.ec\/?p=10489"},"modified":"2015-09-22T22:38:50","modified_gmt":"2015-09-22T22:38:50","slug":"clases-en-la-costa-culminaran-el-30-de-enero-de-2016","status":"publish","type":"post","link":"https:\/\/www.ecuadoraldia.com.ec\/?p=10489","title":{"rendered":"Clases en la Costa culminar\u00e1n el 30 de enero de 2016"},"content":{"rendered":"<figure id=\"attachment_10490\" aria-describedby=\"caption-attachment-10490\" style=\"width: 300px\" class=\"wp-caption alignleft\"><a href=\"http:\/\/www.ecuadoraldia.com.ec\/wp-content\/uploads\/2015\/09\/clases-c.jpg\"><img loading=\"lazy\" decoding=\"async\" class=\"size-medium wp-image-10490\" src=\"http:\/\/www.ecuadoraldia.com.ec\/wp-content\/uploads\/2015\/09\/clases-c-300x194.jpg\" alt=\"La posible presencia del fen\u00f3meno el ni\u00f1o obliga a la toma de medidas\" width=\"300\" height=\"194\" srcset=\"https:\/\/www.ecuadoraldia.com.ec\/wp-content\/uploads\/2015\/09\/clases-c-300x194.jpg 300w, https:\/\/www.ecuadoraldia.com.ec\/wp-content\/uploads\/2015\/09\/clases-c.jpg 470w\" sizes=\"(max-width: 300px) 100vw, 300px\" \/><\/a><figcaption id=\"caption-attachment-10490\" class=\"wp-caption-text\">La posible presencia del fen\u00f3meno el ni\u00f1o obliga a la toma de medidas<\/figcaption><\/figure>\n<p style=\"text-align: justify;\">El a\u00f1o lectivo 2015-2016 concluir\u00e1 el pr\u00f3ximo 30 de enero para mitigar afectaciones por el fen\u00f3meno de El Ni\u00f1o, anunci\u00f3 el Ministerio de Educaci\u00f3n.<\/p>\n<p style=\"text-align: justify;\">La primera variaci\u00f3n del cronograma se dar\u00e1 en las vacaciones del primer quimestre que durar\u00e1 solo 9 d\u00edas (del 3 si 11 de octubre) y no 15, explic\u00f3 Augusto Espinosa, ministro de Educaci\u00f3n.<\/p>\n<p style=\"text-align: justify;\">La medida se tom\u00f3 debido a que el mes de febrero es el lapso que registra mayor \u00edndice de precipitaciones promedio (283,1 mm).<\/p>\n<p style=\"text-align: justify;\">Se ha presupuestado $131 millones para acondicionar y atender los planteles que requieran mejoras ante las fuertes lluvias.<\/p>\n<p style=\"text-align: justify;\">Espinosa puntualiz\u00f3 que la disposici\u00f3n aplica para todos los 4.000 planteles del r\u00e9gimen Costa.<\/p>\n<p style=\"text-align: justify;\">Adem\u00e1s, las unidades particulares podr\u00e1n cobrar la pensi\u00f3n hasta marzo de 2016 para completar el presupuesto de los 10 meses del per\u00edodo escolar.<\/p>\n<p style=\"text-align: justify;\">La incorporaci\u00f3n de bachilleres se mantendr\u00e1 para marzo del siguiente a\u00f1o aunque la ceremonia ser\u00e1 optativa.<\/p>\n","protected":false},"excerpt":{"rendered":"<p>El a\u00f1o lectivo 2015-2016 concluir\u00e1 el pr\u00f3ximo 30 de enero para mitigar afectaciones por el fen\u00f3meno de El Ni\u00f1o, anunci\u00f3<\/p>\n","protected":false},"author":1,"featured_media":0,"comment_status":"open","ping_status":"open","sticky":false,"template":"","format":"standard","meta":{"footnotes":""},"categories":[4],"tags":[],"_links":{"self":[{"href":"https:\/\/www.ecuadoraldia.com.ec\/index.php?rest_route=\/wp\/v2\/posts\/10489"}],"collection":[{"href":"https:\/\/www.ecuadoraldia.com.ec\/index.php?rest_route=\/wp\/v2\/posts"}],"about":[{"href":"https:\/\/www.ecuadoraldia.com.ec\/index.php?rest_route=\/wp\/v2\/types\/post"}],"author":[{"embeddable":true,"href":"https:\/\/www.ecuadoraldia.com.ec\/index.php?rest_route=\/wp\/v2\/users\/1"}],"replies":[{"embeddable":true,"href":"https:\/\/www.ecuadoraldia.com.ec\/index.php?rest_route=%2Fwp%2Fv2%2Fcomments&post=10489"}],"version-history":[{"count":1,"href":"https:\/\/www.ecuadoraldia.com.ec\/index.php?rest_route=\/wp\/v2\/posts\/10489\/revisions"}],"predecessor-version":[{"id":10491,"href":"https:\/\/www.ecuadoraldia.com.ec\/index.php?rest_route=\/wp\/v2\/posts\/10489\/revisions\/10491"}],"wp:attachment":[{"href":"https:\/\/www.ecuadoraldia.com.ec\/index.php?rest_route=%2Fwp%2Fv2%2Fmedia&parent=10489"}],"wp:term":[{"taxonomy":"category","embeddable":true,"href":"https:\/\/www.ecuadoraldia.com.ec\/index.php?rest_route=%2Fwp%2Fv2%2Fcategories&post=10489"},{"taxonomy":"post_tag","embeddable":true,"href":"https:\/\/www.ecuadoraldia.com.ec\/index.php?rest_route=%2Fwp%2Fv2%2Ftags&post=10489"}],"curies":[{"name":"wp","href":"https:\/\/api.w.org\/{rel}","templated":true}]}}