{"id":10492,"date":"2015-09-22T22:44:58","date_gmt":"2015-09-22T22:44:58","guid":{"rendered":"http:\/\/www.ecuadoraldia.com.ec\/?p=10492"},"modified":"2015-09-22T22:44:58","modified_gmt":"2015-09-22T22:44:58","slug":"reunion-entre-santos-y-maduro-culmino-con-acuerdo-de-7-puntos","status":"publish","type":"post","link":"https:\/\/www.ecuadoraldia.com.ec\/?p=10492","title":{"rendered":"Reuni\u00f3n entre Santos y Maduro culmin\u00f3 con acuerdo de 7 puntos"},"content":{"rendered":"<p style=\"text-align: justify;\"><a href=\"http:\/\/www.ecuadoraldia.com.ec\/wp-content\/uploads\/2015\/09\/22-09-15-presidentes14.jpg\"><img loading=\"lazy\" decoding=\"async\" class=\"alignleft size-medium wp-image-10493\" src=\"http:\/\/www.ecuadoraldia.com.ec\/wp-content\/uploads\/2015\/09\/22-09-15-presidentes14-300x200.jpg\" alt=\"ACT REUNION PRESIDENTES \/ FOTO JOHN GUEVARA\" width=\"300\" height=\"200\" srcset=\"https:\/\/www.ecuadoraldia.com.ec\/wp-content\/uploads\/2015\/09\/22-09-15-presidentes14-300x200.jpg 300w, https:\/\/www.ecuadoraldia.com.ec\/wp-content\/uploads\/2015\/09\/22-09-15-presidentes14.jpg 800w\" sizes=\"(max-width: 300px) 100vw, 300px\" \/><\/a>AFP. Los jefes de Estado de Colombia y Venezuela, Juan Manuel Santos y Nicol\u00e1s Maduro, respectivamente, se comprometieron a \u201cconstruir un acuerdo que solucione los problemas de la frontera com\u00fan, orientada a la fraterna convivencia, la buena vecindad, el mutuo respeto y el desarrollo econ\u00f3mico y social\u201d, seg\u00fan la declaraci\u00f3n dada a conocer tras la reuni\u00f3n en el Palacio de Carondelet, en Quito.<\/p>\n<p style=\"text-align: justify;\">La cita se realiz\u00f3 con la facilitaci\u00f3n de los mandatarios de Ecuador, Rafael Correa, y de Uruguay, Tabar\u00e9 V\u00e1zquez, quienes ejercen las presidencias pro t\u00e9mpore de la Celac y la Unasur, dos de los mayores bloques regionales.<\/p>\n<p style=\"text-align: justify;\">Los mandatarios venezolano y colombiano \u201creafirmaron los lazos hist\u00f3ricos, la vecindad geogr\u00e1fica y un origen com\u00fan; reconocen igualmente la importancia de ratificar el derecho de cada pa\u00eds a desarrollar su propio modelo pol\u00edtico, jur\u00eddico, econ\u00f3mico y social, as\u00ed como a organizarse en la forma que m\u00e1s le convenga, sin injerencias externas\u201d, subraya la declaraci\u00f3n.<\/p>\n<p style=\"text-align: justify;\">Adem\u00e1s, coincidieron en la importancia de continuar fortaleciendo el di\u00e1logo bilateral entre ambos pa\u00edses, para garantizar el cumplimiento de estos prop\u00f3sitos, en el marco del respeto al derecho internacional.<\/p>\n<p style=\"text-align: justify;\">Estos son los siete puntos acordados durante esta cita:<\/p>\n<p style=\"text-align: justify;\">1.- El retorno inmediato de los respectivos embajadores.<\/p>\n<p style=\"text-align: justify;\">2.- Realizar una investigaci\u00f3n de la situaci\u00f3n de la frontera.<\/p>\n<p style=\"text-align: justify;\">3.- Reunir a los equipos de ministros inmediatamente para empezar a tratar los temas sensibles de la frontera. La reuni\u00f3n ser\u00e1 el mi\u00e9rcoles 23 de octubre, en Caracas.<\/p>\n<p style=\"text-align: justify;\">4.- La progresiva normalizaci\u00f3n de la frontera.<\/p>\n<p style=\"text-align: justify;\">5.- La coexistencia de los modelos econ\u00f3micos, pol\u00edticos y sociales de cada pa\u00eds.<\/p>\n<p style=\"text-align: justify;\">6.- Hacer un llamado al esp\u00edritu de hermandad y la unidad, propiciando un clima de mutuo respeto y convivencia.<\/p>\n<p style=\"text-align: justify;\">7.- Seguir trabajando con el acompa\u00f1amiento de Ecuador y Uruguay.<\/p>\n<p style=\"text-align: justify;\">Tras la lectura de la declaraci\u00f3n, el presidente Maduro sostuvo que este d\u00eda \u201ctriunf\u00f3 la sensatez, el di\u00e1logo y lo que debe triunfar siempre: la paz, la paz entre nuestros pa\u00edses\u201d.<\/p>\n<p style=\"text-align: justify;\">De su lado, Santos salud\u00f3 el regreso de los embajadores a Bogot\u00e1 y Caracas, tras ser llamados a consultas el 27 de agosto. \u201cAqu\u00ed prim\u00f3, como dice el presidente Maduro, la sensatez. Esta fue una discusi\u00f3n, un di\u00e1logo sereno, respetuoso y productivo y me complace much\u00edsimo poder restablecer este di\u00e1logo con Venezuela porque lo hemos dicho tantas veces: cuando dos mandatarios tienen diferencias quienes sufren son los pueblos. Sin embargo somos pa\u00edses hermanos. Por parte de Colombia hay por Venezuela cari\u00f1o, admiraci\u00f3n\u201d, destac\u00f3.<\/p>\n<p style=\"text-align: justify;\">Lucha contra el crimen organizado<\/p>\n<p style=\"text-align: justify;\">El encuentro, que inici\u00f3 a las 14:00, termin\u00f3 con un apret\u00f3n de manos entre los presidentes de Ecuador, Venezuela, Colombia y Uruguay. Eran las 18:50 cuando terminaron de hablar y luego explicaron los 7 acuerdos en los que trabajar\u00e1n para avanzar el di\u00e1logo.<\/p>\n<p style=\"text-align: justify;\">Sin embargo, \u00bfqu\u00e9 otro tema se abordar\u00e1 para mejorar la situaci\u00f3n en la frontera colombo-venezolana? Juan Manuel Santos se\u00f1al\u00f3 que se reforzar\u00e1 el trabajo para combatir al crimen organizado y el narcotr\u00e1fico.<\/p>\n<p style=\"text-align: justify;\">\u201cNos une la lucha contra las bandas criminales\u201d, manifest\u00f3 el Jefe de Estado colombiano, mientras que su similar venezolano dijo que \u201cespero que con el cronograma que hemos establecido podamos atender uno por uno los problemas, y con el acompa\u00f1amiento de Ecuador y Uruguay podamos seguir despejando todos los asuntos para beneficio de nuestros pa\u00edses\u201d.<\/p>\n<p style=\"text-align: justify;\">El presidente de Uruguay, Tabar\u00e9 V\u00e1zquez, dijo que, en nombre de los pa\u00edses de la Uni\u00f3n de Naciones Suramericanas (Unasur), hay satisfacci\u00f3n por los acuerdos logrados.<\/p>\n<p style=\"text-align: justify;\">De su lado, el presidente Correa indic\u00f3 que sent\u00eda gratitud porque sus hom\u00f3logos de Colombia y Venezuela \u201csuperando cualquier leg\u00edtima privaci\u00f3n, condicionamiento que hab\u00edan propuesto para una reuni\u00f3n bilateral, ante la invitaci\u00f3n de Unasur y Celac (&#8230;), accedieron casi inmediatamente a reunirse en Quito\u201d.<\/p>\n<p style=\"text-align: justify;\">Un mes de tensi\u00f3n en la frontera<\/p>\n<p style=\"text-align: justify;\">A su llegada al Palacio de Gobierno, Maduro fue recibido por los alumnos del Centro Experimental de Educaci\u00f3n Intercultural Biling\u00fce de Quito (Cedeib). Los ni\u00f1os portaban banderas del pa\u00eds caribe\u00f1o y le dieron la bienvenida. Cerca de 20 minutos despu\u00e9s lleg\u00f3 Santos. A \u00e9l lo recibieron los estudiantes de la escuela Rep\u00fablica de Colombia, a quienes salud\u00f3 r\u00e1pidamente; luego subi\u00f3 al segundo piso del Palacio de Gobierno para la reuni\u00f3n con el Jefe de Estado de Venezuela.<\/p>\n<p style=\"text-align: justify;\">Con un largo historial de incidentes en la frontera com\u00fan de 2.219 km, Colombia y Venezuela viven desde hace un mes en un ambiente de acusaciones y tensiones. El 19 de agosto Maduro decret\u00f3 el estado de excepci\u00f3n en varios puntos fronterizos y orden\u00f3 su cierre, tras un ataque a una patrulla venezolana que dej\u00f3 3 heridos.<\/p>\n<p style=\"text-align: justify;\">El Jefe de Estado culp\u00f3 de la acci\u00f3n a paramilitares colombianos implicados en el narcotr\u00e1fico y emprendi\u00f3 una cruzada para sanear la frontera del millonario contrabando de mercanc\u00edas, principalmente de gasolina.<\/p>\n<p style=\"text-align: justify;\">Desde entonces han sido deportados 1.532 colombianos y 18.377 han regresado a su pa\u00eds por miedo a la expulsi\u00f3n, seg\u00fan cifras de la ONU. Por ello Colombia ha denunciado \u201cun drama humanitario\u201d, agravado seg\u00fan Bogot\u00e1 por violaciones a los derechos humanos, por parte de autoridades venezolanas. (I)<\/p>\n<p style=\"text-align: justify;\">Datos<\/p>\n<p style=\"text-align: justify;\">El pasado fin de semana, el Gobierno venezolano inici\u00f3 el registro de colombianos en 7 estados del pa\u00eds y en su capital, para la conformaci\u00f3n del \u2018Movimiento Bolivariano por la Paz\u2019.<\/p>\n<p style=\"text-align: justify;\">De acuerdo con los primeros resultados, en T\u00e1chira se inscribieron 58.800 colombianos, quienes legalmente se encuentran en diferentes condiciones.<\/p>\n<p style=\"text-align: justify;\">La informaci\u00f3n fue confirmada por el activista de los derechos humanos de migrantes en Venezuela, Juan Carlos Tanus, quien explic\u00f3 que de la poblaci\u00f3n registrada, el 42% est\u00e1 naturalizada, mientras que el 10% es residente.<\/p>\n<p style=\"text-align: justify;\">El 45% est\u00e1 en condici\u00f3n irregular y el 2% est\u00e1 en condici\u00f3n de ap\u00e1trida, es decir no pertenecen a ning\u00fan pa\u00eds desde el punto de vista legal porque nunca fueron registrados.<\/p>\n","protected":false},"excerpt":{"rendered":"<p>AFP. Los jefes de Estado de Colombia y Venezuela, Juan Manuel Santos y Nicol\u00e1s Maduro, respectivamente, se comprometieron a \u201cconstruir<\/p>\n","protected":false},"author":1,"featured_media":0,"comment_status":"open","ping_status":"open","sticky":false,"template":"","format":"standard","meta":{"footnotes":""},"categories":[1],"tags":[],"_links":{"self":[{"href":"https:\/\/www.ecuadoraldia.com.ec\/index.php?rest_route=\/wp\/v2\/posts\/10492"}],"collection":[{"href":"https:\/\/www.ecuadoraldia.com.ec\/index.php?rest_route=\/wp\/v2\/posts"}],"about":[{"href":"https:\/\/www.ecuadoraldia.com.ec\/index.php?rest_route=\/wp\/v2\/types\/post"}],"author":[{"embeddable":true,"href":"https:\/\/www.ecuadoraldia.com.ec\/index.php?rest_route=\/wp\/v2\/users\/1"}],"replies":[{"embeddable":true,"href":"https:\/\/www.ecuadoraldia.com.ec\/index.php?rest_route=%2Fwp%2Fv2%2Fcomments&post=10492"}],"version-history":[{"count":1,"href":"https:\/\/www.ecuadoraldia.com.ec\/index.php?rest_route=\/wp\/v2\/posts\/10492\/revisions"}],"predecessor-version":[{"id":10494,"href":"https:\/\/www.ecuadoraldia.com.ec\/index.php?rest_route=\/wp\/v2\/posts\/10492\/revisions\/10494"}],"wp:attachment":[{"href":"https:\/\/www.ecuadoraldia.com.ec\/index.php?rest_route=%2Fwp%2Fv2%2Fmedia&parent=10492"}],"wp:term":[{"taxonomy":"category","embeddable":true,"href":"https:\/\/www.ecuadoraldia.com.ec\/index.php?rest_route=%2Fwp%2Fv2%2Fcategories&post=10492"},{"taxonomy":"post_tag","embeddable":true,"href":"https:\/\/www.ecuadoraldia.com.ec\/index.php?rest_route=%2Fwp%2Fv2%2Ftags&post=10492"}],"curies":[{"name":"wp","href":"https:\/\/api.w.org\/{rel}","templated":true}]}}