{"id":10495,"date":"2015-09-22T22:49:24","date_gmt":"2015-09-22T22:49:24","guid":{"rendered":"http:\/\/www.ecuadoraldia.com.ec\/?p=10495"},"modified":"2015-09-22T22:49:24","modified_gmt":"2015-09-22T22:49:24","slug":"francisco-inicia-visita-de-6-dias-a-estados-unidos","status":"publish","type":"post","link":"https:\/\/www.ecuadoraldia.com.ec\/?p=10495","title":{"rendered":"Francisco inicia visita de 6 d\u00edas a Estados Unidos"},"content":{"rendered":"<figure id=\"attachment_10496\" aria-describedby=\"caption-attachment-10496\" style=\"width: 300px\" class=\"wp-caption alignleft\"><a href=\"http:\/\/www.ecuadoraldia.com.ec\/wp-content\/uploads\/2015\/09\/22-09-15-mundo-papa-usa3.jpg\"><img loading=\"lazy\" decoding=\"async\" class=\"size-medium wp-image-10496\" src=\"http:\/\/www.ecuadoraldia.com.ec\/wp-content\/uploads\/2015\/09\/22-09-15-mundo-papa-usa3-300x237.jpg\" alt=\"US President Barack Obama (L) greets Pope Francis (R) upon his arrival  September 22, 2015 at Andrews Air Force Base in Maryland. AFP PHOTO\/MANDEL NGAN  US-VATICAN-RELIGION-POPE-ARRIVAL\" width=\"300\" height=\"237\" srcset=\"https:\/\/www.ecuadoraldia.com.ec\/wp-content\/uploads\/2015\/09\/22-09-15-mundo-papa-usa3-300x237.jpg 300w, https:\/\/www.ecuadoraldia.com.ec\/wp-content\/uploads\/2015\/09\/22-09-15-mundo-papa-usa3.jpg 800w\" sizes=\"(max-width: 300px) 100vw, 300px\" \/><\/a><figcaption id=\"caption-attachment-10496\" class=\"wp-caption-text\">US President Barack Obama (L) greets Pope Francis (R) upon his arrival September 22, 2015 at Andrews Air Force Base in Maryland. AFP PHOTO\/MANDEL NGAN<br \/>US-VATICAN-RELIGION-POPE-ARRIVAL<\/figcaption><\/figure>\n<p style=\"text-align: justify;\">AFP. El papa Francisco desembarc\u00f3 este martes en Washington para iniciar una hist\u00f3rica gira de seis d\u00edas a Estados Unidos en la que se reunir\u00e1 con el presidente Barack Obama, hablar\u00e1 ante el Congreso y pronunciar\u00e1 un discurso ante la Asamblea General de la ONU.<\/p>\n<p style=\"text-align: justify;\">El avi\u00f3n de Alitalia aterriz\u00f3 a las 15:50 locales en la base a\u00e9rea Andrews, en la periferia de la capital estadounidense, proveniente de Santiago de Cuba.<\/p>\n<p style=\"text-align: justify;\">Por la ventanilla del avi\u00f3n eran exhibidas las banderas del Vaticano y de Estados Unidos.<\/p>\n<p style=\"text-align: justify;\">Al pie de la escalerilla del avi\u00f3n, Francisco fue recibido por el presidente Obama, su esposa Michelle y sus dos hijas, y numerosos obispos, incluyendo el cardenal Donald Wuerl, de la arquidi\u00f3cesis de Washington.<\/p>\n<p style=\"text-align: justify;\">Se trata de la primera visita de Francisco a Estados Unidos. El anterior papa que viaj\u00f3 al pa\u00eds fue Benedicto XVI en 2008. Paulo VI fue el primer pont\u00edfice a pisar suelo estadounidense, en 1965, y Juan Paulo II tiene el r\u00e9cord, con siete visitas.<\/p>\n<p style=\"text-align: justify;\">El primer compromiso oficial de Francisco en Washington ser\u00e1 una visita a Obama en la Casa Blanca, en la ma\u00f1ana del mi\u00e9rcoles. Unas 20.000 personas son esperadas en los jardines de la sede presidencial, donde Francisco deber\u00e1 pronunciar un discurso en ingl\u00e9s.<\/p>\n<p style=\"text-align: justify;\">Francisco pronunciar\u00e1 el jueves un esperado discurso ante las dos c\u00e1maras del Congreso estadounidense, donde adem\u00e1s deber\u00e1 usar un balc\u00f3n para saludar a una multitud que se estima podr\u00eda superar las 50.000 personas.<\/p>\n<p style=\"text-align: justify;\">En el vuelo hacia Washington Francisco adelant\u00f3 a periodistas que en su discurso ante el Congreso no har\u00eda referencias al embargo estadounidense a Cuba. Adoptado hace medio siglo, el embargo est\u00e1 codificado en ley y s\u00f3lo puede ser derogado por el Congreso.<\/p>\n<p style=\"text-align: justify;\">Francisco finalmente se reunir\u00e1 con representantes de grupos cat\u00f3licos de caridad, antes de trasladarse a Nueva York.<\/p>\n<p style=\"text-align: justify;\">Temas de amplia repercusi\u00f3n<\/p>\n<p style=\"text-align: justify;\">Los temas que se espera aborde el primer papa latinoamericano en Estados Unidos, especialmente el jueves ante el Congreso y el viernes en las Naciones Unidas, son altamente explosivos.<\/p>\n<p style=\"text-align: justify;\">Entre estos figuran la protecci\u00f3n y recepci\u00f3n de los inmigrantes; la defensa del medio ambiente, con un firme alegato a favor de una revoluci\u00f3n energ\u00e9tica radical y una desaceleraci\u00f3n econ\u00f3mica, seg\u00fan fuentes vaticanas.<\/p>\n<p style=\"text-align: justify;\">Tampoco faltar\u00e1n cr\u00edticas a la \u00abdictadura\u00bb de la tecnolog\u00eda y las finanzas, as\u00ed como la denuncia de la responsabilidad de los vendedores de armas y las grandes potencias en la \u00abtercera guerra mundial en cuotas\u00bb en curso, que denuncia sin cesar.<\/p>\n<p style=\"text-align: justify;\">El papa estar\u00e1 presente el viernes en la Asamblea General de la ONU en Nueva York, que recibir\u00e1 a 170 l\u00edderes mundiales.<\/p>\n<p style=\"text-align: justify;\">Su agenda prev\u00e9 adem\u00e1s encuentros con los m\u00e1s desfavorecidos de la sociedad estadounidense, incluyendo inmigrantes, sin techo o presos.<\/p>\n<p style=\"text-align: justify;\">Tambi\u00e9n presidir\u00e1 una ceremonia con la participaci\u00f3n de l\u00edderes de varias religiones en el memorial del World Trade Center contra el terrorismo y a favor del respeto entre los distintos credos.<\/p>\n<p style=\"text-align: justify;\">En Filadelfia presidir\u00e1 el s\u00e1bado y domingo el fin de un Encuentro Mundial de Familias Cat\u00f3licas, donde se espera la asistencia de un mill\u00f3n y medio de fieles. Cuando se pusieron en l\u00ednea los 10.000 tickets para asistir a la misa, desaparecieron en segundos.<\/p>\n<p style=\"text-align: justify;\">El Papa lleg\u00f3 a Estados Unidos proveniente de Cuba, donde realiz\u00f3 una hist\u00f3rica visita de 72 horas en que pronunci\u00f3 tres misas (dos de ellas campales) y se reuni\u00f3 con el l\u00edder cubano Fidel Castro y con el presidente, su hermano Ra\u00fal. (I)<\/p>\n","protected":false},"excerpt":{"rendered":"<p>AFP. El papa Francisco desembarc\u00f3 este martes en Washington para iniciar una hist\u00f3rica gira de seis d\u00edas a Estados Unidos<\/p>\n","protected":false},"author":1,"featured_media":0,"comment_status":"open","ping_status":"open","sticky":false,"template":"","format":"standard","meta":{"footnotes":""},"categories":[7],"tags":[],"_links":{"self":[{"href":"https:\/\/www.ecuadoraldia.com.ec\/index.php?rest_route=\/wp\/v2\/posts\/10495"}],"collection":[{"href":"https:\/\/www.ecuadoraldia.com.ec\/index.php?rest_route=\/wp\/v2\/posts"}],"about":[{"href":"https:\/\/www.ecuadoraldia.com.ec\/index.php?rest_route=\/wp\/v2\/types\/post"}],"author":[{"embeddable":true,"href":"https:\/\/www.ecuadoraldia.com.ec\/index.php?rest_route=\/wp\/v2\/users\/1"}],"replies":[{"embeddable":true,"href":"https:\/\/www.ecuadoraldia.com.ec\/index.php?rest_route=%2Fwp%2Fv2%2Fcomments&post=10495"}],"version-history":[{"count":1,"href":"https:\/\/www.ecuadoraldia.com.ec\/index.php?rest_route=\/wp\/v2\/posts\/10495\/revisions"}],"predecessor-version":[{"id":10497,"href":"https:\/\/www.ecuadoraldia.com.ec\/index.php?rest_route=\/wp\/v2\/posts\/10495\/revisions\/10497"}],"wp:attachment":[{"href":"https:\/\/www.ecuadoraldia.com.ec\/index.php?rest_route=%2Fwp%2Fv2%2Fmedia&parent=10495"}],"wp:term":[{"taxonomy":"category","embeddable":true,"href":"https:\/\/www.ecuadoraldia.com.ec\/index.php?rest_route=%2Fwp%2Fv2%2Fcategories&post=10495"},{"taxonomy":"post_tag","embeddable":true,"href":"https:\/\/www.ecuadoraldia.com.ec\/index.php?rest_route=%2Fwp%2Fv2%2Ftags&post=10495"}],"curies":[{"name":"wp","href":"https:\/\/api.w.org\/{rel}","templated":true}]}}