{"id":10498,"date":"2015-09-23T12:37:00","date_gmt":"2015-09-23T12:37:00","guid":{"rendered":"http:\/\/www.ecuadoraldia.com.ec\/?p=10498"},"modified":"2015-09-23T12:41:36","modified_gmt":"2015-09-23T12:41:36","slug":"segunda-etapa-de-all-you-need-is-ecuador-invita-a-sentir-otra-vez","status":"publish","type":"post","link":"https:\/\/www.ecuadoraldia.com.ec\/?p=10498","title":{"rendered":"Segunda etapa de &#8216;All You Need Is Ecuador&#8217; invita a \u00absentir otra vez"},"content":{"rendered":"<p style=\"text-align: justify;\"><a href=\"http:\/\/www.ecuadoraldia.com.ec\/wp-content\/uploads\/2015\/09\/FEELAGAIN.jpg\"><img loading=\"lazy\" decoding=\"async\" class=\"alignleft size-medium wp-image-10499\" src=\"http:\/\/www.ecuadoraldia.com.ec\/wp-content\/uploads\/2015\/09\/FEELAGAIN-300x201.jpg\" alt=\"FEELAGAIN\" width=\"300\" height=\"201\" srcset=\"https:\/\/www.ecuadoraldia.com.ec\/wp-content\/uploads\/2015\/09\/FEELAGAIN-300x201.jpg 300w, https:\/\/www.ecuadoraldia.com.ec\/wp-content\/uploads\/2015\/09\/FEELAGAIN.jpg 635w\" sizes=\"(max-width: 300px) 100vw, 300px\" \/><\/a>AFP. Hoy, en el Museo de la Ciudad, se present\u00f3 la segunda etapa de la campa\u00f1a internacional All You Need Is Ecuador denominada Feel Again (volver a sentir). Su objetivo es aumentar el volumen de turistas extranjeros e incrementar los ingresos econ\u00f3micos de la gente en Ecuador.<\/p>\n<p style=\"text-align: justify;\">El proyecto inici\u00f3 el lunes con la llegada de 18 artistas que desde el mi\u00e9rcoles viajaran a diferentes partes del pa\u00eds durante 5 d\u00edas. Estar\u00e1n divididos en 4 grupos. El grupo de Estados Unidos visitar\u00e1 Gal\u00e1pagos, Canad\u00e1 viajar\u00e1 por la Costa, Reino Unido conocer\u00e1 la Amazon\u00eda, mientras que Alemania recorrer\u00e1 Los Andes.<\/p>\n<p style=\"text-align: justify;\">\u201cVolver a sentir el misterio, volverse a sentir impresionados por la naturaleza, volver a sentir esa adrenalina de llegar a un lugar que uno no esperaba y volver a sentir esa paz interior\u201d es lo que se busca transmitir al mundo seg\u00fan Sandra Naranjo, ministra de Turismo.<br \/>\n<iframe loading=\"lazy\" width=\"800\" height=\"450\" src=\"https:\/\/www.youtube.com\/embed\/_5yHULfrHDQ?feature=oembed\" frameborder=\"0\" allowfullscreen><\/iframe><br \/>\nLos viajeros entregar\u00e1n material multimedia al Ministerio, que incluir\u00e1n fotograf\u00edas y v\u00eddeos de sus vivencias, con lo que se promocionar\u00e1 al pa\u00eds en el mundo visto desde las miradas de diferentes artistas que incluyen directores, fot\u00f3grafos y blogueros.<\/p>\n<p style=\"text-align: justify;\">Seg\u00fan Naranjo, m\u00e1s de 600 millones de personas ha visto la campa\u00f1a &#8216;All you need is Ecuador&#8217; y alrededor del 30% de las visitas a Ecuador en este verano fue influenciada por la campa\u00f1a. En esta segunda etapa se invertir\u00e1 alrededor de $ 10 millones durante todo el a\u00f1o. El proyecto se lo puede seguir desde el portal web feelagainproject.com.<br \/>\n<iframe loading=\"lazy\" width=\"800\" height=\"450\" src=\"https:\/\/www.youtube.com\/embed\/mqpbyfMv7vI?feature=oembed\" frameborder=\"0\" allowfullscreen><\/iframe><br \/>\nApagando el calor&#8230; Un oso del zool\u00f3gico de Cali, Colombia, saborea un cubo de helado de frutas. Los cuidadores le dan este alimento para aliviar el calor de la regi\u00f3n. (I).<\/p>\n<p style=\"text-align: justify;\"><iframe loading=\"lazy\" width=\"800\" height=\"450\" src=\"https:\/\/www.youtube.com\/embed\/XQzWZ3QLNQQ?feature=oembed\" frameborder=\"0\" allowfullscreen><\/iframe><\/p>\n","protected":false},"excerpt":{"rendered":"<p>AFP. Hoy, en el Museo de la Ciudad, se present\u00f3 la segunda etapa de la campa\u00f1a internacional All You Need<\/p>\n","protected":false},"author":1,"featured_media":0,"comment_status":"open","ping_status":"open","sticky":false,"template":"","format":"standard","meta":{"footnotes":""},"categories":[8,11],"tags":[],"_links":{"self":[{"href":"https:\/\/www.ecuadoraldia.com.ec\/index.php?rest_route=\/wp\/v2\/posts\/10498"}],"collection":[{"href":"https:\/\/www.ecuadoraldia.com.ec\/index.php?rest_route=\/wp\/v2\/posts"}],"about":[{"href":"https:\/\/www.ecuadoraldia.com.ec\/index.php?rest_route=\/wp\/v2\/types\/post"}],"author":[{"embeddable":true,"href":"https:\/\/www.ecuadoraldia.com.ec\/index.php?rest_route=\/wp\/v2\/users\/1"}],"replies":[{"embeddable":true,"href":"https:\/\/www.ecuadoraldia.com.ec\/index.php?rest_route=%2Fwp%2Fv2%2Fcomments&post=10498"}],"version-history":[{"count":2,"href":"https:\/\/www.ecuadoraldia.com.ec\/index.php?rest_route=\/wp\/v2\/posts\/10498\/revisions"}],"predecessor-version":[{"id":10507,"href":"https:\/\/www.ecuadoraldia.com.ec\/index.php?rest_route=\/wp\/v2\/posts\/10498\/revisions\/10507"}],"wp:attachment":[{"href":"https:\/\/www.ecuadoraldia.com.ec\/index.php?rest_route=%2Fwp%2Fv2%2Fmedia&parent=10498"}],"wp:term":[{"taxonomy":"category","embeddable":true,"href":"https:\/\/www.ecuadoraldia.com.ec\/index.php?rest_route=%2Fwp%2Fv2%2Fcategories&post=10498"},{"taxonomy":"post_tag","embeddable":true,"href":"https:\/\/www.ecuadoraldia.com.ec\/index.php?rest_route=%2Fwp%2Fv2%2Ftags&post=10498"}],"curies":[{"name":"wp","href":"https:\/\/api.w.org\/{rel}","templated":true}]}}