{"id":10504,"date":"2015-09-23T12:40:52","date_gmt":"2015-09-23T12:40:52","guid":{"rendered":"http:\/\/www.ecuadoraldia.com.ec\/?p=10504"},"modified":"2015-09-23T12:40:52","modified_gmt":"2015-09-23T12:40:52","slug":"2016-seria-un-ano-de-recuperacion-de-inversiones","status":"publish","type":"post","link":"https:\/\/www.ecuadoraldia.com.ec\/?p=10504","title":{"rendered":"2016 ser\u00eda un a\u00f1o de recuperaci\u00f3n de inversiones"},"content":{"rendered":"<p style=\"text-align: justify;\"><a href=\"http:\/\/www.ecuadoraldia.com.ec\/wp-content\/uploads\/2015\/09\/patricio-rivera.png\"><img loading=\"lazy\" decoding=\"async\" class=\"alignleft size-medium wp-image-10505\" src=\"http:\/\/www.ecuadoraldia.com.ec\/wp-content\/uploads\/2015\/09\/patricio-rivera-300x213.png\" alt=\"patricio-rivera\" width=\"300\" height=\"213\" srcset=\"https:\/\/www.ecuadoraldia.com.ec\/wp-content\/uploads\/2015\/09\/patricio-rivera-300x213.png 300w, https:\/\/www.ecuadoraldia.com.ec\/wp-content\/uploads\/2015\/09\/patricio-rivera.png 310w\" sizes=\"(max-width: 300px) 100vw, 300px\" \/><\/a>Patricio Rivera, titular del Ministerio Coordinador de Pol\u00edtica Econ\u00f3mica (MCPE), explic\u00f3 que, frente a los efectos de la compleja coyuntura internacional, durante este a\u00f1o los agregados econ\u00f3micos se han visto golpeados.<\/p>\n<p style=\"text-align: justify;\">\u201cLa ventaja es que, en 2016, los proyectos estrat\u00e9gicos nos proporcionar\u00e1n ingresos. Poco a poco recuperamos la enorme inversi\u00f3n que hemos hecho. Invertimos en cosas que nos dar\u00e1n retorno, \u00a1eso es lo correcto!\u201d, asegur\u00f3 el ministro (foto).<\/p>\n<p style=\"text-align: justify;\">La coyuntura ha determinado que exista sobreoferta y una baja en la demanda (de crudo. \u201cLa econom\u00eda mundial no est\u00e1 en niveles adecuados\u201d, dijo Rivera, quien indic\u00f3 que cuyo resultante recae directamente en una ca\u00edda de los precios del petr\u00f3leo. Ejemplific\u00f3 adem\u00e1s la problem\u00e1tica de las bolsas de valores en China, pa\u00eds que \u201cen un solo d\u00eda, perdi\u00f3 la ganancia de todo un a\u00f1o\u201d.<\/p>\n<p style=\"text-align: justify;\">Este fen\u00f3meno, seg\u00fan el funcionario, tiene efectos en la econom\u00eda mundial por ser China la f\u00e1brica del mundo. \u201cTodos los pa\u00edses que vendemos materias primas, vendemos a China una parte importante y eso afecta a toda la econom\u00eda global\u201d.<\/p>\n<p style=\"text-align: justify;\">Record\u00f3 que algunas inversiones locales, que se las ha considerado como no esenciales y que tienen un alto componente importado, actualmente son ejecutadas a un ritmo m\u00e1s lento.<\/p>\n<p style=\"text-align: justify;\">Rivera acot\u00f3 que en 2015 se ha recortado $ 2.200 millones del Presupuesto General del Estado (PGE), que significan aproximadamente $ 900 millones de las empresas petroleras p\u00fablicas.<\/p>\n<p style=\"text-align: justify;\">El Ministro enfatiz\u00f3 que un ejemplo de la correcta inversi\u00f3n que ha realizado el pa\u00eds es que el pr\u00f3ximo a\u00f1o solo con la inversi\u00f3n realizada en las hidroel\u00e9ctricas se va a ahorrar $ 750 millones. \u201cA pesar de la ca\u00edda de los precios de petr\u00f3leo, de la devaluaci\u00f3n de algunas monedas (\u2026) vamos a salir bien\u201d, dijo Rivera. (I)<\/p>\n","protected":false},"excerpt":{"rendered":"<p>Patricio Rivera, titular del Ministerio Coordinador de Pol\u00edtica Econ\u00f3mica (MCPE), explic\u00f3 que, frente a los efectos de la compleja coyuntura<\/p>\n","protected":false},"author":1,"featured_media":0,"comment_status":"open","ping_status":"open","sticky":false,"template":"","format":"standard","meta":{"footnotes":""},"categories":[9,1],"tags":[],"_links":{"self":[{"href":"https:\/\/www.ecuadoraldia.com.ec\/index.php?rest_route=\/wp\/v2\/posts\/10504"}],"collection":[{"href":"https:\/\/www.ecuadoraldia.com.ec\/index.php?rest_route=\/wp\/v2\/posts"}],"about":[{"href":"https:\/\/www.ecuadoraldia.com.ec\/index.php?rest_route=\/wp\/v2\/types\/post"}],"author":[{"embeddable":true,"href":"https:\/\/www.ecuadoraldia.com.ec\/index.php?rest_route=\/wp\/v2\/users\/1"}],"replies":[{"embeddable":true,"href":"https:\/\/www.ecuadoraldia.com.ec\/index.php?rest_route=%2Fwp%2Fv2%2Fcomments&post=10504"}],"version-history":[{"count":1,"href":"https:\/\/www.ecuadoraldia.com.ec\/index.php?rest_route=\/wp\/v2\/posts\/10504\/revisions"}],"predecessor-version":[{"id":10506,"href":"https:\/\/www.ecuadoraldia.com.ec\/index.php?rest_route=\/wp\/v2\/posts\/10504\/revisions\/10506"}],"wp:attachment":[{"href":"https:\/\/www.ecuadoraldia.com.ec\/index.php?rest_route=%2Fwp%2Fv2%2Fmedia&parent=10504"}],"wp:term":[{"taxonomy":"category","embeddable":true,"href":"https:\/\/www.ecuadoraldia.com.ec\/index.php?rest_route=%2Fwp%2Fv2%2Fcategories&post=10504"},{"taxonomy":"post_tag","embeddable":true,"href":"https:\/\/www.ecuadoraldia.com.ec\/index.php?rest_route=%2Fwp%2Fv2%2Ftags&post=10504"}],"curies":[{"name":"wp","href":"https:\/\/api.w.org\/{rel}","templated":true}]}}