{"id":10508,"date":"2015-09-24T01:00:38","date_gmt":"2015-09-24T01:00:38","guid":{"rendered":"http:\/\/www.ecuadoraldia.com.ec\/?p=10508"},"modified":"2015-09-24T01:00:38","modified_gmt":"2015-09-24T01:00:38","slug":"santos-y-las-farc-firmaran-acuerdo-final-a-mas-en-6-meses","status":"publish","type":"post","link":"https:\/\/www.ecuadoraldia.com.ec\/?p=10508","title":{"rendered":"Santos\u00a0\u00a0y las FARC firmar\u00e1n acuerdo final a m\u00e1s en 6 meses"},"content":{"rendered":"<p style=\"text-align: justify;\"><a href=\"http:\/\/www.ecuadoraldia.com.ec\/wp-content\/uploads\/2015\/09\/24-09-15-paz8.jpg\"><img loading=\"lazy\" decoding=\"async\" class=\"alignleft size-medium wp-image-10509\" src=\"http:\/\/www.ecuadoraldia.com.ec\/wp-content\/uploads\/2015\/09\/24-09-15-paz8-300x204.jpg\" alt=\"Colombian President Juan Manuel Santos (L) shakes hands with the head\" width=\"300\" height=\"204\" srcset=\"https:\/\/www.ecuadoraldia.com.ec\/wp-content\/uploads\/2015\/09\/24-09-15-paz8-300x204.jpg 300w, https:\/\/www.ecuadoraldia.com.ec\/wp-content\/uploads\/2015\/09\/24-09-15-paz8.jpg 800w\" sizes=\"(max-width: 300px) 100vw, 300px\" \/><\/a>AFP. El Gobierno de Colombia y las FARC anunciaron hoy, en La Habana, un importante acuerdo sobre justicia transicional que incluye la creaci\u00f3n de un tribunal especial para la paz.<\/p>\n<p style=\"text-align: justify;\">Representantes de los pa\u00edses garantes, Cuba y Noruega, leyeron el comunicado del acuerdo, acompa\u00f1ados de las dos delegaciones de paz, encabezadas por el presidente Juan Manuel Santos y el l\u00edder m\u00e1ximo de las Fuerzas Armadas Revolucionarias de Colombia (FARC), alias &#8216;Timochenko&#8217;.<\/p>\n<p style=\"text-align: justify;\">Los acuerdos anunciados se refieren a la jurisdicci\u00f3n especial a la que se someter\u00e1n quienes cometieron cr\u00edmenes durante los 50 a\u00f1os de conflicto, que ha dejado 220.000 muertos y 6 millones de desplazados, y que es uno de los temas m\u00e1s espinosos del proceso.<\/p>\n<p style=\"text-align: justify;\">El tema de la justicia por los cr\u00edmenes cometidos a lo largo del conflicto ha sido objeto de largas negociaciones.<\/p>\n<p style=\"text-align: justify;\">En su intervenci\u00f3n, el presidente Santos anunci\u00f3 que acord\u00f3 con el jefe de las FARC, Timole\u00f3n Jim\u00e9nez, que se deber\u00e1 llegar a un acuerdo final de paz \u00aba m\u00e1s tardar en seis meses\u00bb, es decir el 23 de marzo de 2016.<\/p>\n<p style=\"text-align: justify;\">\u00abHoy he venido a La Habana en primer lugar para anunciarles a los colombianos, pero en especial a las v\u00edctimas, que hemos logrado un acuerdo sobre las bases de un sistema de justicia que me permite decir con convicci\u00f3n que vamos a lograr el m\u00e1ximo de justicia posible para las v\u00edctimas, la m\u00e1xima satisfacci\u00f3n posible de sus derechos\u00bb, declar\u00f3.<\/p>\n<p style=\"text-align: justify;\">\u00abY tambi\u00e9n acordamos que las FARC comenzar\u00e1n a dejar las armas a m\u00e1s tardar a los 60 d\u00edas de la firma del acuerdo final\u00bb, a\u00f1adi\u00f3 Santos.<\/p>\n<p style=\"text-align: justify;\">\u00abNo va a ser una tarea f\u00e1cil, porque faltan muchos puntos dif\u00edciles por acordar, pero esa es la instrucci\u00f3n que le hemos dado a nuestras delegaciones\u00bb, dijo el mandatario colombiano.<\/p>\n<p style=\"text-align: justify;\">El comunicado conjunto anunciado hoy prev\u00e9 la forma en que se aplicar\u00e1 la justicia una vez concluido el conflicto armado de medio siglo.<\/p>\n","protected":false},"excerpt":{"rendered":"<p>AFP. El Gobierno de Colombia y las FARC anunciaron hoy, en La Habana, un importante acuerdo sobre justicia transicional que<\/p>\n","protected":false},"author":1,"featured_media":0,"comment_status":"open","ping_status":"open","sticky":false,"template":"","format":"standard","meta":{"footnotes":""},"categories":[1],"tags":[],"_links":{"self":[{"href":"https:\/\/www.ecuadoraldia.com.ec\/index.php?rest_route=\/wp\/v2\/posts\/10508"}],"collection":[{"href":"https:\/\/www.ecuadoraldia.com.ec\/index.php?rest_route=\/wp\/v2\/posts"}],"about":[{"href":"https:\/\/www.ecuadoraldia.com.ec\/index.php?rest_route=\/wp\/v2\/types\/post"}],"author":[{"embeddable":true,"href":"https:\/\/www.ecuadoraldia.com.ec\/index.php?rest_route=\/wp\/v2\/users\/1"}],"replies":[{"embeddable":true,"href":"https:\/\/www.ecuadoraldia.com.ec\/index.php?rest_route=%2Fwp%2Fv2%2Fcomments&post=10508"}],"version-history":[{"count":1,"href":"https:\/\/www.ecuadoraldia.com.ec\/index.php?rest_route=\/wp\/v2\/posts\/10508\/revisions"}],"predecessor-version":[{"id":10510,"href":"https:\/\/www.ecuadoraldia.com.ec\/index.php?rest_route=\/wp\/v2\/posts\/10508\/revisions\/10510"}],"wp:attachment":[{"href":"https:\/\/www.ecuadoraldia.com.ec\/index.php?rest_route=%2Fwp%2Fv2%2Fmedia&parent=10508"}],"wp:term":[{"taxonomy":"category","embeddable":true,"href":"https:\/\/www.ecuadoraldia.com.ec\/index.php?rest_route=%2Fwp%2Fv2%2Fcategories&post=10508"},{"taxonomy":"post_tag","embeddable":true,"href":"https:\/\/www.ecuadoraldia.com.ec\/index.php?rest_route=%2Fwp%2Fv2%2Ftags&post=10508"}],"curies":[{"name":"wp","href":"https:\/\/api.w.org\/{rel}","templated":true}]}}