{"id":10511,"date":"2015-09-24T01:04:26","date_gmt":"2015-09-24T01:04:26","guid":{"rendered":"http:\/\/www.ecuadoraldia.com.ec\/?p=10511"},"modified":"2015-09-24T01:09:05","modified_gmt":"2015-09-24T01:09:05","slug":"exdiputados-deben-indemnizar-a-jueces-destituidos-en-2004","status":"publish","type":"post","link":"https:\/\/www.ecuadoraldia.com.ec\/?p=10511","title":{"rendered":"Exdiputados deben indemnizar a jueces destituidos en 2004"},"content":{"rendered":"<p style=\"text-align: justify;\"><a href=\"http:\/\/www.ecuadoraldia.com.ec\/wp-content\/uploads\/2015\/09\/justicia.jpg\"><img loading=\"lazy\" decoding=\"async\" class=\"alignleft size-medium wp-image-10512\" src=\"http:\/\/www.ecuadoraldia.com.ec\/wp-content\/uploads\/2015\/09\/justicia-300x135.jpg\" alt=\"justicia\" width=\"300\" height=\"135\" srcset=\"https:\/\/www.ecuadoraldia.com.ec\/wp-content\/uploads\/2015\/09\/justicia-300x135.jpg 300w, https:\/\/www.ecuadoraldia.com.ec\/wp-content\/uploads\/2015\/09\/justicia.jpg 731w\" sizes=\"(max-width: 300px) 100vw, 300px\" \/><\/a>Esta ma\u00f1ana, la Comisi\u00f3n de Justicia de la Asamblea Nacional, presidida por el legislador Mauro Andino, aprob\u00f3 con 8 votos a favor el informe sobre derecho a la repetici\u00f3n sobre los 27 jueces de la Corte Nacional de Justicia (CNJ), que fueron destituidos en diciembre de 2004.<\/p>\n<p style=\"text-align: justify;\">El 4 de noviembre de 2013, la Corte Interamericana de Derechos Humanos (CorteIDH) dispuso la multa de m\u00e1s de $15 millones por los presuntos actos \u00abinconstitucionales e ilegales\u00bb.<\/p>\n<p style=\"text-align: justify;\">El informe pasar\u00e1 a la presidencia de la Asamblea Nacional y estipula que los 52 diputados que votaron a favor de la destituci\u00f3n sean los que paguen el dinero a los exmagistrados.<\/p>\n<p style=\"text-align: justify;\">\u00abEl Estado ha pagado m\u00e1s de $2&#8242; 200.000 a los exjueces del Tribunal de Garant\u00edas, a los exministros de la Corte Suprema se ha pagado ya $ 8 millones y el saldo se tendr\u00e1 que pagar hasta el mes de marzo del pr\u00f3ximo a\u00f1o\u00bb, dijo Andino.<\/p>\n<p style=\"text-align: justify;\">Luis Fernando Torres (PSC) indic\u00f3 que \u00ablos exdiputados que no tienen dinero ser\u00e1n declarados insolventes, pero que a los que tengan se les cobrar\u00e1n lo que tengan\u00bb.<\/p>\n<p style=\"text-align: justify;\">Gilmar Guti\u00e9rrez, de Sociedad Patri\u00f3tica, deslinda responsabilidad en este asunto, pues existe una figura en la constituci\u00f3n que libera de responsabilidad a los diputados.<\/p>\n<p style=\"text-align: justify;\">Esa normativa da cuenta de que los diputados no son ni civilmente y penalmente responsables de lo que digan o hagan al interior de la asamblea.<\/p>\n<p style=\"text-align: justify;\">Los partidos Socialista Frente amplio, PRIAN, MPD, DP,entre otros participaron de esa sesi\u00f3n. Son 11 millones de d\u00f3lares que deben pagar los legisladores de esa \u00e9poca (2004).<\/p>\n","protected":false},"excerpt":{"rendered":"<p>Esta ma\u00f1ana, la Comisi\u00f3n de Justicia de la Asamblea Nacional, presidida por el legislador Mauro Andino, aprob\u00f3 con 8 votos<\/p>\n","protected":false},"author":1,"featured_media":0,"comment_status":"open","ping_status":"open","sticky":false,"template":"","format":"standard","meta":{"footnotes":""},"categories":[3],"tags":[],"_links":{"self":[{"href":"https:\/\/www.ecuadoraldia.com.ec\/index.php?rest_route=\/wp\/v2\/posts\/10511"}],"collection":[{"href":"https:\/\/www.ecuadoraldia.com.ec\/index.php?rest_route=\/wp\/v2\/posts"}],"about":[{"href":"https:\/\/www.ecuadoraldia.com.ec\/index.php?rest_route=\/wp\/v2\/types\/post"}],"author":[{"embeddable":true,"href":"https:\/\/www.ecuadoraldia.com.ec\/index.php?rest_route=\/wp\/v2\/users\/1"}],"replies":[{"embeddable":true,"href":"https:\/\/www.ecuadoraldia.com.ec\/index.php?rest_route=%2Fwp%2Fv2%2Fcomments&post=10511"}],"version-history":[{"count":3,"href":"https:\/\/www.ecuadoraldia.com.ec\/index.php?rest_route=\/wp\/v2\/posts\/10511\/revisions"}],"predecessor-version":[{"id":10515,"href":"https:\/\/www.ecuadoraldia.com.ec\/index.php?rest_route=\/wp\/v2\/posts\/10511\/revisions\/10515"}],"wp:attachment":[{"href":"https:\/\/www.ecuadoraldia.com.ec\/index.php?rest_route=%2Fwp%2Fv2%2Fmedia&parent=10511"}],"wp:term":[{"taxonomy":"category","embeddable":true,"href":"https:\/\/www.ecuadoraldia.com.ec\/index.php?rest_route=%2Fwp%2Fv2%2Fcategories&post=10511"},{"taxonomy":"post_tag","embeddable":true,"href":"https:\/\/www.ecuadoraldia.com.ec\/index.php?rest_route=%2Fwp%2Fv2%2Ftags&post=10511"}],"curies":[{"name":"wp","href":"https:\/\/api.w.org\/{rel}","templated":true}]}}