{"id":10516,"date":"2015-09-24T18:16:06","date_gmt":"2015-09-24T18:16:06","guid":{"rendered":"http:\/\/www.ecuadoraldia.com.ec\/?p=10516"},"modified":"2015-09-24T18:16:06","modified_gmt":"2015-09-24T18:16:06","slug":"bolivia-llama-al-dialogo-a-chile-tras-fallo-favorable-en-la-haya","status":"publish","type":"post","link":"https:\/\/www.ecuadoraldia.com.ec\/?p=10516","title":{"rendered":"Bolivia llama al di\u00e1logo a Chile tras fallo favorable en La Haya"},"content":{"rendered":"<p style=\"text-align: justify;\"><a href=\"http:\/\/www.ecuadoraldia.com.ec\/wp-content\/uploads\/2015\/09\/CORTEINTERNACIONALJUSTICIA_.jpg\"><img loading=\"lazy\" decoding=\"async\" class=\"alignleft size-medium wp-image-10517\" src=\"http:\/\/www.ecuadoraldia.com.ec\/wp-content\/uploads\/2015\/09\/CORTEINTERNACIONALJUSTICIA_-300x206.jpg\" alt=\"CORTEINTERNACIONALJUSTICIA_\" width=\"300\" height=\"206\" srcset=\"https:\/\/www.ecuadoraldia.com.ec\/wp-content\/uploads\/2015\/09\/CORTEINTERNACIONALJUSTICIA_-300x206.jpg 300w, https:\/\/www.ecuadoraldia.com.ec\/wp-content\/uploads\/2015\/09\/CORTEINTERNACIONALJUSTICIA_.jpg 414w\" sizes=\"(max-width: 300px) 100vw, 300px\" \/><\/a>Agencia AFP. La Corte Internacional de Justicia (CIJ) se declar\u00f3 competente este jueves para examinar la demanda de Bolivia contra Chile para recuperar una salida soberana al mar, perdida tras una guerra a finales del siglo XIX.<\/p>\n<p style=\"text-align: justify;\">\u00abLa Corte considera que el caso en disputa no ha sido resuelto (&#8230;) ni tampoco est\u00e1 bajo la jurisdicci\u00f3n de acuerdos o tratados en vigor\u00bb, explic\u00f3 el presidente del organismo con sede en La Haya, Ronny Abraham.<\/p>\n<p style=\"text-align: justify;\">La corte rechaz\u00f3 por 14 votos contra 2 la objeci\u00f3n preliminar sobre la competencia de la corte, que hab\u00eda sido presentada por Chile, afirmando el tribunal tiene competencia en el diferendo, en base al Pacto de Bogot\u00e1.<\/p>\n<p style=\"text-align: justify;\">La decisi\u00f3n de los 16 jueces, de los cuales uno s\u00f3lo es latinoamericano, el brasile\u00f1o Ant\u00f4nio Can\u00e7ado Trindade, s\u00f3lo constituye una etapa m\u00e1s en este proceso. El examen de la demanda podr\u00eda tardar varios meses.<\/p>\n<p style=\"text-align: justify;\">\u00abBolivia no ha ganado nada\u00bb, afirm\u00f3 la presidenta Michelle Bachelet tras conocer el fallo y destac\u00f3 que \u00abeste pronunciamiento no afecta en nada nuestra integridad territorial\u00bb.<\/p>\n<p style=\"text-align: justify;\">Bolivia, que acudi\u00f3 al tribunal en 2013, considera que en las \u00faltimas d\u00e9cadas hubo ofrecimientos y hasta negociaciones truncas con Santiago para la recuperaci\u00f3n del acceso al mar y busca ahora una negociaci\u00f3n \u00abde buena fe\u00bb.<\/p>\n<p style=\"text-align: justify;\">Para Santiago, el tema est\u00e1 sellado en 1904 con un tratado firmado tras la guerra que enfrent\u00f3 a fines del siglo XIX a Chile contra Per\u00fa y Bolivia, y donde este \u00faltimo perdi\u00f3 territorio y su \u00fanico acceso al mar.<\/p>\n<p style=\"text-align: justify;\">Pero para la Corte \u00ablas disposiciones relevantes del Tratado de paz de 1904 no abordan, ni expl\u00edcita ni impl\u00edcitamente, la cuesti\u00f3n de si Chile tiene la obligaci\u00f3n de negociar un acceso soberano al Oc\u00e9ano Pac\u00edfico de Bolivia\u00bb, a\u00f1adi\u00f3 Abraham al final de la audiencia.<\/p>\n<p style=\"text-align: justify;\">En 1978 los dos pa\u00edses rompieron relaciones bilaterales cuando los entonces presidentes Hugo Banzer y Augusto Pinochet negociaron para resolver el hist\u00f3rico diferendo, sin \u00e9xito.<\/p>\n<p style=\"text-align: justify;\">Bolivia esper\u00f3 la decisi\u00f3n con las banderas de la reivindicaci\u00f3n mar\u00edtima izadas en las gobernaciones y alcald\u00edas, como lo pidi\u00f3 el lunes el presidente Evo Morales.<\/p>\n<p style=\"text-align: justify;\">Bolivia perdi\u00f3 400 kil\u00f3metros de costa, su \u00fanica salida al mar, y 120.000 km2 de territorio en la llamada Guerra del Pac\u00edfico (1879-1883) contra Chile.<\/p>\n<p style=\"text-align: justify;\">Al cabo de este conflicto, Per\u00fa, aliado entonces de Bolivia, se convirti\u00f3 en vecino directo de Chile, que conquist\u00f3 territorio a expensas de los dos pa\u00edses. En esta guerra, Lima perdi\u00f3 una cuarta parte de su territorio.<\/p>\n<p style=\"text-align: justify;\">En este proceso, Per\u00fa tiene una posici\u00f3n expectante, pues una eventual salida al mar de Bolivia implicar\u00eda que Chile ceda territorios de su frontera norte que antes de la guerra pertenecieron a Per\u00fa. Un tratado firmado en 1929 establece que Chile debe consultar a Lima antes de ceder ese territorio a terceros.<\/p>\n<p style=\"text-align: justify;\">En enero de 2014 la Corte Internacional de Justicia otorg\u00f3 a Per\u00fa en un fallo hist\u00f3rico una parte de las aguas del Pac\u00edfico que estaban bajo control de Chile, legado de la guerra.<\/p>\n<p style=\"text-align: justify;\">Este fallo permiti\u00f3 a Per\u00fa incorporar bajo su soberan\u00eda una porci\u00f3n de 50.000 km2 de aguas territoriales.<\/p>\n<p style=\"text-align: justify;\">Evo Morales consider\u00f3 entonces que la decisi\u00f3n de la Corte era \u00abmuy favorable\u00bb a las aspiraciones de Bolivia.<\/p>\n<p style=\"text-align: justify;\">Bolivia llama al di\u00e1logo a Chile tras fallo favorable de CIJ<\/p>\n<p style=\"text-align: justify;\">El presidente de Bolivia, Evo Morales, llam\u00f3 este jueves al di\u00e1logo a Chile, luego que la Corte Internacional de Justicia (CIJ) se declar\u00f3 competente para dirimir en la demanda boliviana para recuperar una salida soberana al mar, perdida tras una guerra a fines del siglo XIX.<\/p>\n<p style=\"text-align: justify;\">\u00abSomos un pa\u00eds de paz, somos un estado de di\u00e1logo y por eso quiero (..) convocar al gobierno de Chile a acompa\u00f1ar este proceso mediante el di\u00e1logo\u00bb, plante\u00f3 Morales en una declaraci\u00f3n en el palacio boliviano de Gobierno, el Palacio Quemado. (I)<\/p>\n","protected":false},"excerpt":{"rendered":"<p>Agencia AFP. La Corte Internacional de Justicia (CIJ) se declar\u00f3 competente este jueves para examinar la demanda de Bolivia contra<\/p>\n","protected":false},"author":1,"featured_media":0,"comment_status":"open","ping_status":"open","sticky":false,"template":"","format":"standard","meta":{"footnotes":""},"categories":[7],"tags":[],"_links":{"self":[{"href":"https:\/\/www.ecuadoraldia.com.ec\/index.php?rest_route=\/wp\/v2\/posts\/10516"}],"collection":[{"href":"https:\/\/www.ecuadoraldia.com.ec\/index.php?rest_route=\/wp\/v2\/posts"}],"about":[{"href":"https:\/\/www.ecuadoraldia.com.ec\/index.php?rest_route=\/wp\/v2\/types\/post"}],"author":[{"embeddable":true,"href":"https:\/\/www.ecuadoraldia.com.ec\/index.php?rest_route=\/wp\/v2\/users\/1"}],"replies":[{"embeddable":true,"href":"https:\/\/www.ecuadoraldia.com.ec\/index.php?rest_route=%2Fwp%2Fv2%2Fcomments&post=10516"}],"version-history":[{"count":1,"href":"https:\/\/www.ecuadoraldia.com.ec\/index.php?rest_route=\/wp\/v2\/posts\/10516\/revisions"}],"predecessor-version":[{"id":10518,"href":"https:\/\/www.ecuadoraldia.com.ec\/index.php?rest_route=\/wp\/v2\/posts\/10516\/revisions\/10518"}],"wp:attachment":[{"href":"https:\/\/www.ecuadoraldia.com.ec\/index.php?rest_route=%2Fwp%2Fv2%2Fmedia&parent=10516"}],"wp:term":[{"taxonomy":"category","embeddable":true,"href":"https:\/\/www.ecuadoraldia.com.ec\/index.php?rest_route=%2Fwp%2Fv2%2Fcategories&post=10516"},{"taxonomy":"post_tag","embeddable":true,"href":"https:\/\/www.ecuadoraldia.com.ec\/index.php?rest_route=%2Fwp%2Fv2%2Ftags&post=10516"}],"curies":[{"name":"wp","href":"https:\/\/api.w.org\/{rel}","templated":true}]}}