{"id":10519,"date":"2015-09-24T18:17:14","date_gmt":"2015-09-24T18:17:14","guid":{"rendered":"http:\/\/www.ecuadoraldia.com.ec\/?p=10519"},"modified":"2015-09-24T18:17:14","modified_gmt":"2015-09-24T18:17:14","slug":"los-principales-puntos-del-historico-discurso-de-francisco-ante-el-congreso-de-ee-uu","status":"publish","type":"post","link":"https:\/\/www.ecuadoraldia.com.ec\/?p=10519","title":{"rendered":"Los principales puntos del hist\u00f3rico discurso de Francisco ante el Congreso de EE.UU."},"content":{"rendered":"<p style=\"text-align: justify;\"><a href=\"http:\/\/www.ecuadoraldia.com.ec\/wp-content\/uploads\/2015\/09\/papa-eu.jpg\"><img loading=\"lazy\" decoding=\"async\" class=\"alignleft size-medium wp-image-10520\" src=\"http:\/\/www.ecuadoraldia.com.ec\/wp-content\/uploads\/2015\/09\/papa-eu-300x222.jpg\" alt=\"papa eu\" width=\"300\" height=\"222\" srcset=\"https:\/\/www.ecuadoraldia.com.ec\/wp-content\/uploads\/2015\/09\/papa-eu-300x222.jpg 300w, https:\/\/www.ecuadoraldia.com.ec\/wp-content\/uploads\/2015\/09\/papa-eu.jpg 449w\" sizes=\"(max-width: 300px) 100vw, 300px\" \/><\/a>AFP. El papa Francisco lleg\u00f3 este jueves por la ma\u00f1ana al Congreso de Washington, donde dio un discurso hist\u00f3rico, un d\u00eda despu\u00e9s de su encuentro con el presidente Barack Obama en la Casa Blanca.<\/p>\n<p style=\"text-align: justify;\">Es la primera vez que un papa se dirigi\u00f3 a las 2 c\u00e1maras del Congreso estadounidense. El papa viajar\u00e1 luego a Nueva York para pronunciar un discurso el jueves durante la Asamblea General de la ONU y presidir una ceremonia ecum\u00e9nica en el World Trade Center.<\/p>\n<p style=\"text-align: justify;\">Aqu\u00ed los puntos m\u00e1s relevantes de su intervenci\u00f3n:<\/p>\n<p style=\"text-align: justify;\">Saludo a di\u00e1logo entre enemigos, en referencia a contactos con Cuba e Ir\u00e1n<\/p>\n<p style=\"text-align: justify;\">El papa Francisco salud\u00f3 el coraje y la audacia que se requiere para que pa\u00edses enfrentados inicien un di\u00e1logo de reaproximaci\u00f3n, en una sesgada referencia a las conversaciones abiertas por Estados Unidos con viejos adversarios como Cuba e Ir\u00e1n.<\/p>\n<p style=\"text-align: justify;\">En su discurso ante el Congreso estadounidense, Francisco no mencion\u00f3 a ning\u00fan pa\u00eds en particular, pero ese fragmento es un gui\u00f1o de apoyo a los esfuerzos del presidente Barack Obama de sellar un acuerdo con Ir\u00e1n sobre pol\u00edtica nuclear y restablecer relaciones diplom\u00e1ticas con Cuba.<\/p>\n<p style=\"text-align: justify;\">Las 2 iniciativas diplom\u00e1ticas provocaron la ira de los sectores conservadores estadounidense en el Congreso, y se tornaron temas de discusi\u00f3n en la campa\u00f1a presidencial del partido republicano.<\/p>\n<p style=\"text-align: justify;\">\u00abCuando pa\u00edses que han estado en conflicto retoman el camino del di\u00e1logo, que podr\u00eda haber estado interrumpido por motivos leg\u00edtimos, se abren nuevos horizontes para todos\u00bb, dijo el pont\u00edfice.<\/p>\n<p style=\"text-align: justify;\">De acuerdo con Francisco, \u00abesto ha requerido y requiere coraje, audacia, lo cual no significa falta de responsabilidad. Un buen pol\u00edtico es aquel que, teniendo en mente los intereses de todos, toma el momento con un esp\u00edritu abierto y pragm\u00e1tico\u00bb.<\/p>\n<p style=\"text-align: justify;\">Un buen pol\u00edtico, reforz\u00f3 el Papa, \u00abopta siempre por generar procesos m\u00e1s que por ocupar espacios\u00bb.<\/p>\n<p style=\"text-align: justify;\">Vigilancia contra \u00abcualquier tipo de fundamentalismo\u00bb<\/p>\n<p style=\"text-align: justify;\">El papa Francisco formul\u00f3 este jueves un llamado a la vigilancia contra \u00abcualquier tipo de fundamentalismo de \u00edndole religiosa o del tipo que fuere\u00bb, y evitar la tentaci\u00f3n del \u00abreduccionismo simplista\u00bb de dividir la realidad entre buenos y malos.<\/p>\n<p style=\"text-align: justify;\">El l\u00edder de la Iglesia Cat\u00f3lica sostuvo que \u00abcombatir la violencia perpetrada bajo el nombre de la religi\u00f3n\u00bb y al mismo tiempo proteger la libertad de las religiones constituye un \u00abdelicado equilibrio\u00bb que requiere del trabajo de todos.<\/p>\n<p style=\"text-align: justify;\">Refugiados e inmigrantes representan \u00abgrandes desaf\u00edos\u00bb<\/p>\n<p style=\"text-align: justify;\">La \u00abcrisis de refugiados\u00bb sin precedentes desde la II Guerra Mundial y el drama de los inmigrantes en el continente americano representan \u00abgrandes desaf\u00edos y decisiones dif\u00edciles\u00bb, dijo el argentino.<\/p>\n<p style=\"text-align: justify;\">Para el pont\u00edfice es necesario no dejarse \u00abintimidar por los n\u00fameros\u00bb, y adoptar una respuesta que sea \u00abjusta y fraterna\u00bb, de forma de adoptar la norma de tratar \u00aba los dem\u00e1s con la misma pasi\u00f3n y compasi\u00f3n con que queremos ser tratados\u00bb.<\/p>\n<p style=\"text-align: justify;\">Oposici\u00f3n a la pena de muerte<\/p>\n<p style=\"text-align: justify;\">Francisco reiter\u00f3 con fuerza su oposici\u00f3n a la pena de muerte en el mundo, durante un hist\u00f3rico discurso en el Congreso de Estados Unidos, donde la gran mayor\u00eda de los legisladores est\u00e1 a favor de la pena capital.<\/p>\n<p style=\"text-align: justify;\">La \u00abcerteza\u00bb de que \u00abtenemos que custodiar y defender la vida humana en todas las etapas de su desarrollo\u00bb (&#8230;) \u00abme ha llevado, desde el principio de mi ministerio, a trabajar en diferentes niveles para solicitar la abolici\u00f3n mundial de la pena de muerte\u00bb, dijo.<\/p>\n<p style=\"text-align: justify;\">\u00abAcciones valientes\u00bb ante el cambio clim\u00e1tico<\/p>\n<p style=\"text-align: justify;\">El religioso lanz\u00f3 un dram\u00e1tico llamado a adoptar \u00abacciones valientes\u00bb y desarrollar estrategias para enfrentar los efectos del cambio clim\u00e1tico, asunto de una enc\u00edclica que public\u00f3 este a\u00f1o.<\/p>\n<p style=\"text-align: justify;\">\u00abEstoy convencido de que podemos marcar la diferencia y no tengo alguna duda de que los Estados Unidos y este Congreso est\u00e1n llamados a tener un papel importante\u00bb, expres\u00f3 el pont\u00edfice, quien se refiri\u00f3 a la necesidad de implementar lo que denomin\u00f3 una \u00abcultura del cuidado\u00bb.<\/p>\n","protected":false},"excerpt":{"rendered":"<p>AFP. El papa Francisco lleg\u00f3 este jueves por la ma\u00f1ana al Congreso de Washington, donde dio un discurso hist\u00f3rico, un<\/p>\n","protected":false},"author":1,"featured_media":0,"comment_status":"open","ping_status":"open","sticky":false,"template":"","format":"standard","meta":{"footnotes":""},"categories":[7],"tags":[],"_links":{"self":[{"href":"https:\/\/www.ecuadoraldia.com.ec\/index.php?rest_route=\/wp\/v2\/posts\/10519"}],"collection":[{"href":"https:\/\/www.ecuadoraldia.com.ec\/index.php?rest_route=\/wp\/v2\/posts"}],"about":[{"href":"https:\/\/www.ecuadoraldia.com.ec\/index.php?rest_route=\/wp\/v2\/types\/post"}],"author":[{"embeddable":true,"href":"https:\/\/www.ecuadoraldia.com.ec\/index.php?rest_route=\/wp\/v2\/users\/1"}],"replies":[{"embeddable":true,"href":"https:\/\/www.ecuadoraldia.com.ec\/index.php?rest_route=%2Fwp%2Fv2%2Fcomments&post=10519"}],"version-history":[{"count":1,"href":"https:\/\/www.ecuadoraldia.com.ec\/index.php?rest_route=\/wp\/v2\/posts\/10519\/revisions"}],"predecessor-version":[{"id":10521,"href":"https:\/\/www.ecuadoraldia.com.ec\/index.php?rest_route=\/wp\/v2\/posts\/10519\/revisions\/10521"}],"wp:attachment":[{"href":"https:\/\/www.ecuadoraldia.com.ec\/index.php?rest_route=%2Fwp%2Fv2%2Fmedia&parent=10519"}],"wp:term":[{"taxonomy":"category","embeddable":true,"href":"https:\/\/www.ecuadoraldia.com.ec\/index.php?rest_route=%2Fwp%2Fv2%2Fcategories&post=10519"},{"taxonomy":"post_tag","embeddable":true,"href":"https:\/\/www.ecuadoraldia.com.ec\/index.php?rest_route=%2Fwp%2Fv2%2Ftags&post=10519"}],"curies":[{"name":"wp","href":"https:\/\/api.w.org\/{rel}","templated":true}]}}