{"id":10525,"date":"2015-09-24T18:20:57","date_gmt":"2015-09-24T18:20:57","guid":{"rendered":"http:\/\/www.ecuadoraldia.com.ec\/?p=10525"},"modified":"2015-09-24T18:20:57","modified_gmt":"2015-09-24T18:20:57","slug":"gritos-carteles-y-sesion-suspendida-en-el-concejo-metropolitano-de-quito","status":"publish","type":"post","link":"https:\/\/www.ecuadoraldia.com.ec\/?p=10525","title":{"rendered":"Gritos, carteles y sesi\u00f3n suspendida en el Concejo Metropolitano de Quito"},"content":{"rendered":"<p style=\"text-align: justify;\"><a href=\"http:\/\/www.ecuadoraldia.com.ec\/wp-content\/uploads\/2015\/09\/24-09-2015-Quito_ca.jpg\"><img loading=\"lazy\" decoding=\"async\" class=\"alignleft size-medium wp-image-10526\" src=\"http:\/\/www.ecuadoraldia.com.ec\/wp-content\/uploads\/2015\/09\/24-09-2015-Quito_ca-300x148.jpg\" alt=\"24-09-2015-Quito_ca\" width=\"300\" height=\"148\" srcset=\"https:\/\/www.ecuadoraldia.com.ec\/wp-content\/uploads\/2015\/09\/24-09-2015-Quito_ca-300x148.jpg 300w, https:\/\/www.ecuadoraldia.com.ec\/wp-content\/uploads\/2015\/09\/24-09-2015-Quito_ca.jpg 635w\" sizes=\"(max-width: 300px) 100vw, 300px\" \/><\/a>Durante la ma\u00f1ana de hoy ocurri\u00f3 un altercado en el pleno del Concejo Metropolitano. El alcalde Mauricio Rodas suspendi\u00f3 la sesi\u00f3n tras no permitir el cambio del orden del d\u00eda propuesto por la concejala independiente, Karen S\u00e1nchez, quien solicitaba se trate las denuncias contra Julio C\u00e9sar Anazco, administrador Zonal de Quitumbe, que d\u00edas atr\u00e1s no permiti\u00f3 el ingreso de la funcionaria y varios ciudadanos para entablar una reuni\u00f3n. S\u00e1nchez solicit\u00f3 por escrito a Anazco que se le facilite un auditorio, a lo que \u00e9l se neg\u00f3. Esta situaci\u00f3n provoc\u00f3 una desavenencia contra la edil y varios moradores del Sur de la ciudad.<\/p>\n<p style=\"text-align: justify;\">S\u00e1nchez denunci\u00f3 que fue agredida, de ah\u00ed que pidi\u00f3 que este tema sea el punto n\u00famero uno a tratar. 18 concejales apoyaron el pedido, pero Rodas se neg\u00f3 a la petici\u00f3n y puso el punto como el \u00faltimo del d\u00eda.<\/p>\n<p style=\"text-align: justify;\">Varios concejales protestaron de manera en\u00e9rgica, sobre todo Ivone Von Lippke, de la alianza Suma-Vive, quien levant\u00f3 un cartel en contra del burgomaestre y lo calific\u00f3 de \u00abmachista y figureti\u00bb.<\/p>\n<p style=\"text-align: justify;\">Todos los concejales se levantaron y abandonaron la sala rechazando la actitud del alcalde Rodas. Minutos despu\u00e9s, los concejales Sergio Garnica, Karen S\u00e1nchez e Ivonne Von Lippke dieron una rueda de prensa rechazando la actitud de Rodas. (I)<br \/>\nEtiquetas: Quito<\/p>\n","protected":false},"excerpt":{"rendered":"<p>Durante la ma\u00f1ana de hoy ocurri\u00f3 un altercado en el pleno del Concejo Metropolitano. El alcalde Mauricio Rodas suspendi\u00f3 la<\/p>\n","protected":false},"author":1,"featured_media":0,"comment_status":"open","ping_status":"open","sticky":false,"template":"","format":"standard","meta":{"footnotes":""},"categories":[14],"tags":[],"_links":{"self":[{"href":"https:\/\/www.ecuadoraldia.com.ec\/index.php?rest_route=\/wp\/v2\/posts\/10525"}],"collection":[{"href":"https:\/\/www.ecuadoraldia.com.ec\/index.php?rest_route=\/wp\/v2\/posts"}],"about":[{"href":"https:\/\/www.ecuadoraldia.com.ec\/index.php?rest_route=\/wp\/v2\/types\/post"}],"author":[{"embeddable":true,"href":"https:\/\/www.ecuadoraldia.com.ec\/index.php?rest_route=\/wp\/v2\/users\/1"}],"replies":[{"embeddable":true,"href":"https:\/\/www.ecuadoraldia.com.ec\/index.php?rest_route=%2Fwp%2Fv2%2Fcomments&post=10525"}],"version-history":[{"count":1,"href":"https:\/\/www.ecuadoraldia.com.ec\/index.php?rest_route=\/wp\/v2\/posts\/10525\/revisions"}],"predecessor-version":[{"id":10527,"href":"https:\/\/www.ecuadoraldia.com.ec\/index.php?rest_route=\/wp\/v2\/posts\/10525\/revisions\/10527"}],"wp:attachment":[{"href":"https:\/\/www.ecuadoraldia.com.ec\/index.php?rest_route=%2Fwp%2Fv2%2Fmedia&parent=10525"}],"wp:term":[{"taxonomy":"category","embeddable":true,"href":"https:\/\/www.ecuadoraldia.com.ec\/index.php?rest_route=%2Fwp%2Fv2%2Fcategories&post=10525"},{"taxonomy":"post_tag","embeddable":true,"href":"https:\/\/www.ecuadoraldia.com.ec\/index.php?rest_route=%2Fwp%2Fv2%2Ftags&post=10525"}],"curies":[{"name":"wp","href":"https:\/\/api.w.org\/{rel}","templated":true}]}}