{"id":10528,"date":"2015-09-25T11:42:30","date_gmt":"2015-09-25T11:42:30","guid":{"rendered":"http:\/\/www.ecuadoraldia.com.ec\/?p=10528"},"modified":"2015-09-25T11:42:30","modified_gmt":"2015-09-25T11:42:30","slug":"alerta-amarilla-por-actividad-del-volcan-cotopaxi","status":"publish","type":"post","link":"https:\/\/www.ecuadoraldia.com.ec\/?p=10528","title":{"rendered":"Alerta amarilla por actividad del volc\u00e1n Cotopaxi"},"content":{"rendered":"<p style=\"text-align: justify;\"><a href=\"http:\/\/www.ecuadoraldia.com.ec\/wp-content\/uploads\/2015\/09\/cotopaxi.jpg\"><img loading=\"lazy\" decoding=\"async\" class=\"alignleft size-medium wp-image-10529\" src=\"http:\/\/www.ecuadoraldia.com.ec\/wp-content\/uploads\/2015\/09\/cotopaxi-300x200.jpg\" alt=\"cotopaxi\" width=\"300\" height=\"200\" srcset=\"https:\/\/www.ecuadoraldia.com.ec\/wp-content\/uploads\/2015\/09\/cotopaxi-300x200.jpg 300w, https:\/\/www.ecuadoraldia.com.ec\/wp-content\/uploads\/2015\/09\/cotopaxi.jpg 580w\" sizes=\"(max-width: 300px) 100vw, 300px\" \/><\/a>Quito, 24 sep (Andes).- El ministro Coordinador de Seguridad del Ecuador, Cesar Navas, asegur\u00f3 en su cuenta en la red social de Twitter que se mantiene la alerta amarilla por la actividad del volc\u00e1n Cotopaxi, ubicado en la provincia hom\u00f3nima, a 45 kil\u00f3metros de Quito, y pidi\u00f3 a la ciudadan\u00eda no hacer caso de rumores malintencionados.<\/p>\n<p style=\"text-align: justify;\">\u201cInformamos a la ciudadan\u00eda que se mantiene la alerta amarilla en #Volc\u00e1nCotopax; no hagamos caso a rumores mal intencionados e infundados\u201d, se\u00f1al\u00f3 el ministro en respuesta a informaciones desvirtuadas respecto a un presunto cambio de alerta.<\/p>\n<p style=\"text-align: justify;\">Seg\u00fan el \u00faltimo informe del Instituto Geof\u00edsico de la Escuela Polit\u00e9cnica Nacional (IG), publicado este jueves, el volc\u00e1n de 5.897 metros de altura, contin\u00faa con una actividad moderada.<\/p>\n<p style=\"text-align: justify;\">\u201cLa tarde de ayer permaneci\u00f3 despejado y se pudo observar varias emisiones de vapor y gas que alcanzaron una altura de 500 metros sobre el nivel del cr\u00e1ter con direcci\u00f3n suroccidente. Durante la noche el volc\u00e1n pudo ser observado con la c\u00e1mara t\u00e9rmica y se divisaron varias emisiones de vapor, ceniza y gases, las mismas que llegaron a una altura m\u00e1xima de 1000 metros sobre el nivel del cr\u00e1ter\u201d, indic\u00f3 el Geof\u00edsico.<\/p>\n<p style=\"text-align: justify;\">Un informe ampliado publicado la v\u00edspera por el IG sobre la actividad del Cotopaxi se\u00f1ala que durante las \u00faltimas semanas se ha observado una disminuci\u00f3n de la actividad superficial en el volc\u00e1n, pero el n\u00famero de eventos volcano-tect\u00f3nicos (rupturas dentro del volc\u00e1n) sigue aumentando desde el 10 de septiembre y est\u00e1 posiblemente asociado al movimiento del magma o a un aumento de la presi\u00f3n en profundidad.<\/p>\n<p style=\"text-align: justify;\">Ante esto el IG advirti\u00f3 que uno de los posibles escenarios para los pr\u00f3ximos d\u00edas o semanas es que la actividad eruptiva del Cotopaxi (que inici\u00f3 el 14 de agosto) aumente con emisiones de ceniza seguidas por peque\u00f1as explosiones y que el proceso eruptivo se pod\u00eda prolongar por semanas hasta el agotamiento de la energ\u00eda de este pulso, tal como ocurri\u00f3 con el volc\u00e1n Tungurahua en marzo de 2013.<\/p>\n<p style=\"text-align: justify;\">Adem\u00e1s, el informe indica que durante este tipo de actividad se podr\u00eda observar incandescencia en el cr\u00e1ter, explosiones peque\u00f1as que podr\u00edan lanzar bloques bal\u00edsticos decim\u00e9tricos hasta 1-2 kil\u00f3metros del cr\u00e1ter y lahares secundarios peque\u00f1os que se podr\u00edan formar debido a la remobilizaci\u00f3n del material eruptivo por lluvia o deshielo del glaciar afectando principalmente la zona del Parque Nacional Cotopaxi.<\/p>\n<p style=\"text-align: justify;\">En esta jornada, el Ministerio de Coordinador de Seguridad solicit\u00f3 a los ciudadanos estar atentos de la informaci\u00f3n oficial que est\u00e1 disponible en su p\u00e1gina web http:\/\/www.seguridad.gob.ec\/.<\/p>\n<p style=\"text-align: justify;\">El Instituto Geof\u00edsico emite dos informes diarios sobre la situaci\u00f3n del volc\u00e1n Cotopaxi, los cuales se publican en la web del Ministerio de Seguridad, \u00fanico ente oficial encargado de transmitir informaci\u00f3n acerca del coloso.<\/p>\n","protected":false},"excerpt":{"rendered":"<p>Quito, 24 sep (Andes).- El ministro Coordinador de Seguridad del Ecuador, Cesar Navas, asegur\u00f3 en su cuenta en la red<\/p>\n","protected":false},"author":1,"featured_media":0,"comment_status":"open","ping_status":"open","sticky":false,"template":"","format":"standard","meta":{"footnotes":""},"categories":[1],"tags":[],"_links":{"self":[{"href":"https:\/\/www.ecuadoraldia.com.ec\/index.php?rest_route=\/wp\/v2\/posts\/10528"}],"collection":[{"href":"https:\/\/www.ecuadoraldia.com.ec\/index.php?rest_route=\/wp\/v2\/posts"}],"about":[{"href":"https:\/\/www.ecuadoraldia.com.ec\/index.php?rest_route=\/wp\/v2\/types\/post"}],"author":[{"embeddable":true,"href":"https:\/\/www.ecuadoraldia.com.ec\/index.php?rest_route=\/wp\/v2\/users\/1"}],"replies":[{"embeddable":true,"href":"https:\/\/www.ecuadoraldia.com.ec\/index.php?rest_route=%2Fwp%2Fv2%2Fcomments&post=10528"}],"version-history":[{"count":1,"href":"https:\/\/www.ecuadoraldia.com.ec\/index.php?rest_route=\/wp\/v2\/posts\/10528\/revisions"}],"predecessor-version":[{"id":10530,"href":"https:\/\/www.ecuadoraldia.com.ec\/index.php?rest_route=\/wp\/v2\/posts\/10528\/revisions\/10530"}],"wp:attachment":[{"href":"https:\/\/www.ecuadoraldia.com.ec\/index.php?rest_route=%2Fwp%2Fv2%2Fmedia&parent=10528"}],"wp:term":[{"taxonomy":"category","embeddable":true,"href":"https:\/\/www.ecuadoraldia.com.ec\/index.php?rest_route=%2Fwp%2Fv2%2Fcategories&post=10528"},{"taxonomy":"post_tag","embeddable":true,"href":"https:\/\/www.ecuadoraldia.com.ec\/index.php?rest_route=%2Fwp%2Fv2%2Ftags&post=10528"}],"curies":[{"name":"wp","href":"https:\/\/api.w.org\/{rel}","templated":true}]}}