{"id":10531,"date":"2015-09-25T11:46:31","date_gmt":"2015-09-25T11:46:31","guid":{"rendered":"http:\/\/www.ecuadoraldia.com.ec\/?p=10531"},"modified":"2015-09-25T11:46:31","modified_gmt":"2015-09-25T11:46:31","slug":"cubanos-liberados-por-obama-agradecen-l-solidaridad-del-presidente-correa","status":"publish","type":"post","link":"https:\/\/www.ecuadoraldia.com.ec\/?p=10531","title":{"rendered":"Cubanos liberados por Obama agradecen l solidaridad del Presidente Correa"},"content":{"rendered":"<p style=\"text-align: justify;\"><a href=\"http:\/\/www.ecuadoraldia.com.ec\/wp-content\/uploads\/2015\/09\/los_cinco_uno.jpg\"><img loading=\"lazy\" decoding=\"async\" class=\"alignleft size-medium wp-image-10532\" src=\"http:\/\/www.ecuadoraldia.com.ec\/wp-content\/uploads\/2015\/09\/los_cinco_uno-300x169.jpg\" alt=\"los_cinco_uno\" width=\"300\" height=\"169\" srcset=\"https:\/\/www.ecuadoraldia.com.ec\/wp-content\/uploads\/2015\/09\/los_cinco_uno-300x169.jpg 300w, https:\/\/www.ecuadoraldia.com.ec\/wp-content\/uploads\/2015\/09\/los_cinco_uno.jpg 580w\" sizes=\"(max-width: 300px) 100vw, 300px\" \/><\/a>Quito, 25 sep (Andes).- Los cinco cubanos que cumplieron penas en Estados Unidos y fueron excarcelados por Barack Obama el 17 de diciembre pasado llegaron a Ecuador el jueves en la noche para realizar una visita a este pa\u00eds suramericano, donde esperan saludar al presidente Rafael Correa y agradecer la solidaridad del pueblo ecuatoriano que contribuy\u00f3 a su liberaci\u00f3n.<\/p>\n<p style=\"text-align: justify;\">Gerardo Hern\u00e1ndez, Ram\u00f3n Laba\u00f1ino, Fernando Gonz\u00e1lez, Antonio Guerrero, Ren\u00e9 Gonz\u00e1lez, conocidos internacionalmente como \u201cLos Cinco\u201d arribaron a Ecuador acompa\u00f1ados por sus familiares por el aeropuerto internacional Mariscal Sucre, donde fueron recibidos por el embajador cubano, Jorge Rodr\u00edguez, miembros del cuerpo diplom\u00e1tico, integrantes de la brigada m\u00e9dica que presta servicios de colaboraci\u00f3n en este pa\u00eds con banderas de los dos pa\u00edses y pancartas de bienvenida, seg\u00fan constat\u00f3 Andes.<\/p>\n<p style=\"text-align: justify;\">Ellos fueron arrestados, enjuiciados y condenados en Estados Unidos porque buscaban informaci\u00f3n sobre planes terroristas contra su pa\u00eds que organizaban en La Florida grupos anticubanos para intentar derrocar al gobierno de la Revoluci\u00f3n Cubana, pero al no negociar su libertad, fueron sancionados a cadenas perpetuas en tres casos y los otros dos con 15 y 19 a\u00f1os de prisi\u00f3n.<\/p>\n<p style=\"text-align: justify;\">Los Cinco viajaron a esta naci\u00f3n andina junto a Orlando Cardoso Villavicencio, otro H\u00e9roe de la Rep\u00fablica de Cuba y quien permaneci\u00f3 tras las rejas durante 11 a\u00f1os en Somalia, y arribaron en las \u00faltimas horas a Quito.<\/p>\n<p style=\"text-align: justify;\">Por Ecuador acudieron a la terminal a\u00e9rea a recibirlos la ministra subrogante coordinadora de la Pol\u00edtica, Paola Pab\u00f3n, varios asamble\u00edstas, entre ellos Mar\u00eda Augusta Calle y Diego Ventimilla, as\u00ed como miembros de la asociaci\u00f3n de solidaridad con Cuba y de la asociaci\u00f3n de padres de estudiantes ecuatorianos en la isla, que portaban banderas de los dos pa\u00edses y rosas en sus manos.<\/p>\n<p style=\"text-align: justify;\">Pab\u00f3n dio la bienvenida a los cubanos a nombre del presidente Correa y les expres\u00f3 el orgullo para los ecuatorianos porque aceptaran visitar el pa\u00eds y asistir al Segundo Encuentro Latinoamericano Progresista (ELAP 2015), que sesionar\u00e1 del 28 al 30 de este mes en Quito, con la participaci\u00f3n de unos 300 delegados de varios pa\u00edses.<\/p>\n<p style=\"text-align: justify;\">\u201cEste grupo que recibimos hoy encarnan a personas dispuestas a dar su vida y perder su libertad por ideales y principios y creo que el caso de los seis h\u00e9roes cubanos es un ejemplo al mundo\u201d, se\u00f1al\u00f3 la asamble\u00edsta quien record\u00f3 que desde el grupo parlamentario de amistad con Cuba se trabaj\u00f3 entre las bancadas para impulsar resoluciones de apoyo para exigir la liberaci\u00f3n de estos cubanos.<\/p>\n<p style=\"text-align: justify;\">Ventimilla, en tanto, dijo Andes que \u201ces un orgullo tenerle aqu\u00ed en la Mitad del Mundo a los H\u00e9roes de todo el mundo\u201d, y se\u00f1al\u00f3 que ellos son ejemplos a los que Cuba \u201cnos tiene acostumbrados\u201d, en particular por la dignidad que Los Cinco y lo que motivaron en distintos pa\u00edses de Latinoam\u00e9rica, por lo que ser\u00e1 un gran oportunidad el poder escuchar sus testimonios de lucha y de una vida entregada a la Revoluci\u00f3n.<\/p>\n<p style=\"text-align: justify;\">Los Cinco agradecen al pueblo y al gobierno ecuatorianos por apoyar la lucha por su excarcelaci\u00f3n<\/p>\n<p style=\"text-align: justify;\">Adriana P\u00e9rez y Gerardo Hern\u00e1ndez no pudieron verse durante largos 16 a\u00f1os y hoy agradecen al pueblo de Ecuador y a su presidente por la solidaridad con la causa de Los Cinco cubanos. Foto: Andes<\/p>\n<p style=\"text-align: justify;\">Las primeras palabras para estos cubanos, que permanecieron desde 1998 encarcelados, tres de ellos liberados el 17 de diciembre de 2014, fueron para agradecer al gobierno de Ecuador, en particular a su presidente, y a su pueblo por el apoyo para su liberaci\u00f3n, que anunciaron inesperadamente al un\u00edsono Obama y el mandatario de la isla, Ra\u00fal Castro, el 17 cuando dieron a conocer la decisi\u00f3n de restablecer las relaciones diplom\u00e1ticas bilaterales.<\/p>\n<p style=\"text-align: justify;\">\u201cEstamos muy contentos de estar aqu\u00ed en esta tierra querida y ansiosos de darle un abrazo al presidente Correa y a todo el pueblo tambi\u00e9n porque nos acompa\u00f1\u00f3 y eso fue decisivo en la batalla por nuestra liberaci\u00f3n\u201d, afirm\u00f3 Guerrero, quien adelant\u00f3 que viaj\u00f3 con un cuadro pintado por \u00e9l para obsequiar al mandatario ecuatoriano.<\/p>\n<p style=\"text-align: justify;\">Tambi\u00e9n se refiri\u00f3 a \u201ctodo el empuje y todo el apoyo de los ecuatorianos y de su presidente, que en cualquier tribuna supo reclamar, supo denunciar la injusticia que se hab\u00eda cometido contra nosotros y sabemos que aqu\u00ed vamos a encontrar muchos hermanos\u201d.<\/p>\n<p style=\"text-align: justify;\">\u201cTraemos un gran abrazo y la gratitud para las personas que nos acompa\u00f1aron desde Ecuador en nuestra lucha por la justicia durante 16 a\u00f1os\u201d, indic\u00f3 Hern\u00e1ndez.<\/p>\n<p style=\"text-align: justify;\">\u201cCreo que el primer mensaje para el pueblo de Ecuador y el presidente es que les agradecemos tremendamente este gesto y por eso estamos apoyando al pueblo de la Revoluci\u00f3n Ciudadana y haremos lo posible por demostrar el gran afecto y agradecer por la lucha por la libertad de los cinco y por todo por la unidad latinoamericana\u201d, manifest\u00f3 Laba\u00f1ino.<\/p>\n<p style=\"text-align: justify;\">Por su parte, Adriana P\u00e9rez, esposa de Gerardo, a quienes se les impidi\u00f3 verse durante los 16 a\u00f1os que se prolong\u00f3 el encierro, dijo que esta visita es un \u201creencuentro con Ecuador\u201d, ya que visit\u00f3 este pa\u00eds en 2004 precisamente en momentos en que daban a conocer por el mundo el caso y buscaban solidaridad para su liberaci\u00f3n. \u201cEste viaje era una deuda y poderlo hacer juntos nos llena de mucha emoci\u00f3n para agradecer a los amigos que apoyaron la causa\u201d, acot\u00f3.<\/p>\n<p style=\"text-align: justify;\">La agenda de los H\u00e9roes cubanos en Ecuador contempla tambi\u00e9n un encuentro con el movimiento de solidaridad con Cuba en la Capilla del Hombre y su participaci\u00f3n el lunes en la ceremonia del cambio de guardia en el Palacio de Carondelet, donde podr\u00e1n saludar al pueblo ecuatoriano.<\/p>\n<p style=\"text-align: justify;\">Tras ser liberados, el Jefe del Estado ecuatoriano les hab\u00eda extendido una invitaci\u00f3n para que visitaran este pa\u00eds y pudieran conocerlo y descansar junto a sus familiares.<br \/>\nAntonio Guerrero, uno de los H\u00e9roes Cubanos, junto al embajador cubano, Jorge Rodr\u00edguez (a su lado), recibido por autoridades ecuatorianas en el Aeropuerto Internacional Mariscal Sucre, de Quito. Foto: Andes<\/p>\n","protected":false},"excerpt":{"rendered":"<p>Quito, 25 sep (Andes).- Los cinco cubanos que cumplieron penas en Estados Unidos y fueron excarcelados por Barack Obama el<\/p>\n","protected":false},"author":1,"featured_media":0,"comment_status":"open","ping_status":"open","sticky":false,"template":"","format":"standard","meta":{"footnotes":""},"categories":[3],"tags":[],"_links":{"self":[{"href":"https:\/\/www.ecuadoraldia.com.ec\/index.php?rest_route=\/wp\/v2\/posts\/10531"}],"collection":[{"href":"https:\/\/www.ecuadoraldia.com.ec\/index.php?rest_route=\/wp\/v2\/posts"}],"about":[{"href":"https:\/\/www.ecuadoraldia.com.ec\/index.php?rest_route=\/wp\/v2\/types\/post"}],"author":[{"embeddable":true,"href":"https:\/\/www.ecuadoraldia.com.ec\/index.php?rest_route=\/wp\/v2\/users\/1"}],"replies":[{"embeddable":true,"href":"https:\/\/www.ecuadoraldia.com.ec\/index.php?rest_route=%2Fwp%2Fv2%2Fcomments&post=10531"}],"version-history":[{"count":1,"href":"https:\/\/www.ecuadoraldia.com.ec\/index.php?rest_route=\/wp\/v2\/posts\/10531\/revisions"}],"predecessor-version":[{"id":10533,"href":"https:\/\/www.ecuadoraldia.com.ec\/index.php?rest_route=\/wp\/v2\/posts\/10531\/revisions\/10533"}],"wp:attachment":[{"href":"https:\/\/www.ecuadoraldia.com.ec\/index.php?rest_route=%2Fwp%2Fv2%2Fmedia&parent=10531"}],"wp:term":[{"taxonomy":"category","embeddable":true,"href":"https:\/\/www.ecuadoraldia.com.ec\/index.php?rest_route=%2Fwp%2Fv2%2Fcategories&post=10531"},{"taxonomy":"post_tag","embeddable":true,"href":"https:\/\/www.ecuadoraldia.com.ec\/index.php?rest_route=%2Fwp%2Fv2%2Ftags&post=10531"}],"curies":[{"name":"wp","href":"https:\/\/api.w.org\/{rel}","templated":true}]}}