{"id":10537,"date":"2015-09-25T11:57:02","date_gmt":"2015-09-25T11:57:02","guid":{"rendered":"http:\/\/www.ecuadoraldia.com.ec\/?p=10537"},"modified":"2015-09-25T11:57:02","modified_gmt":"2015-09-25T11:57:02","slug":"bachelet-ante-la-decision-de-la-haya-bolivia-no-ha-ganado-nada","status":"publish","type":"post","link":"https:\/\/www.ecuadoraldia.com.ec\/?p=10537","title":{"rendered":"Bachelet, ante la decisi\u00f3n de La Haya: \u00abBolivia no ha ganado nada\u00bb"},"content":{"rendered":"<p style=\"text-align: justify;\"><a href=\"http:\/\/www.ecuadoraldia.com.ec\/wp-content\/uploads\/2015\/09\/0013423791.jpg\"><img loading=\"lazy\" decoding=\"async\" class=\"alignleft size-medium wp-image-10538\" src=\"http:\/\/www.ecuadoraldia.com.ec\/wp-content\/uploads\/2015\/09\/0013423791-300x169.jpg\" alt=\"0013423791\" width=\"300\" height=\"169\" srcset=\"https:\/\/www.ecuadoraldia.com.ec\/wp-content\/uploads\/2015\/09\/0013423791-300x169.jpg 300w, https:\/\/www.ecuadoraldia.com.ec\/wp-content\/uploads\/2015\/09\/0013423791.jpg 770w\" sizes=\"(max-width: 300px) 100vw, 300px\" \/><\/a>Michelle Bachelet realiz\u00f3 este jueves una declaraci\u00f3n p\u00fablica en el Palacio de La Moneda sobre la decisi\u00f3n de la Corte Internacional de Justicia (CIJ) de La Haya de considerarse competente para tramitar la demanda mar\u00edtima presentada por Bolivia.<\/p>\n<p style=\"text-align: justify;\">La mandataria asegur\u00f3 que \u00abChile no tiene temas de l\u00edmites pendientes con Bolivia\u00bb y que la resoluci\u00f3n del alto tribunal de Naciones Unidas no debe ser entendida en La Paz como un triunfo para sus aspiraciones de contar con un acceso soberano al oc\u00e9ano Pac\u00edfico.<\/p>\n<p style=\"text-align: justify;\">La CIJ se declar\u00f3 este jueves competente para dirimir el fondo de la demanda planteada en 2013 por Bolivia contra Chile en la que solicita la obligaci\u00f3n de negociar un acceso soberano al mar, que perdi\u00f3 en la Guerra del Pacifico, a fines del siglo XIX.<\/p>\n<p style=\"text-align: justify;\">\u00abEntramos ahora a la fase de fondo del juicio, donde podremos aportar todos los argumentos que no correspond\u00eda esgrimir en la etapa preliminar\u00bb, aclar\u00f3 Bachelet. \u00abEl derecho internacional y la raz\u00f3n est\u00e1n de nuestro lado\u00bb, recalc\u00f3.<\/p>\n<p style=\"text-align: justify;\">El discurso completo de Bachelet<\/p>\n<p style=\"text-align: justify;\">La jefa de Estado se mostr\u00f3 confiada en que Chile \u00abdejar\u00e1 en evidencia tanto las ambig\u00fcedades y contradicciones, como la falta de fundamento\u00bb de la que, a su juicio, adolece la demanda boliviana.<\/p>\n<p style=\"text-align: justify;\">\u00abLes aseguro que mi gobierno \u2013y no tengan ninguna duda de que tambi\u00e9n los que sigan en el futuro\u2013 adoptar\u00e1 todas las medidas que correspondan para salvaguardar la integridad de nuestro territorio, de manera que bajo ninguna circunstancia \u00e9sta se ver\u00e1 afectada\u00bb, proclam\u00f3 la mandataria.<\/p>\n<p style=\"text-align: justify;\">La Haya se declar\u00f3 competente para tratar la demanda mar\u00edtima de Bolivia ante Chile<br \/>\nLa revista Veja acus\u00f3 de narcos a Evo Morales y a su vicepresidente<br \/>\nA juicio de la Presidente, \u00abeste pronunciamiento de la corte sobre su competencia no afecta en nada\u00bb a la integridad territorial de Chile, porque \u00ablo \u00fanico que se ha decidido hasta ahora es que es un tribunal apto para conocer del reclamo boliviano, sin que exista ninguna evaluaci\u00f3n sobre lo que pretende Bolivia\u00bb.<\/p>\n<p style=\"text-align: justify;\">En este punto de la declaraci\u00f3n, Bachelet hizo hincapi\u00e9 en que \u00abla Corte ha declarado que ella no podr\u00eda predeterminar el resultado de una eventual negociaci\u00f3n\u00bb.<\/p>\n<p style=\"text-align: justify;\">Y agreg\u00f3: \u00abMantenemos la firme convicci\u00f3n de que la demanda boliviana carece de toda base, pues confunde derechos con aspiraciones y tergiversa completamente lo que ha sido la historia entre Chile y Bolivia y muy especialmente el Tratado de 1904 y el contexto y alcance de los diferentes di\u00e1logos diplom\u00e1ticos que han existido\u00bb.<\/p>\n<p style=\"text-align: justify;\">Adem\u00e1s de agradecer el apoyo transversal de todas las fuerzas pol\u00edticas a la estrategia desarrollada por Chile ante La Haya, Bachelet destac\u00f3 el \u00abexcelente trabajo\u00bb del equipo jur\u00eddico y reiter\u00f3 que Chile hizo lo correcto al impugnar la competencia del alto tribunal.<\/p>\n","protected":false},"excerpt":{"rendered":"<p>Michelle Bachelet realiz\u00f3 este jueves una declaraci\u00f3n p\u00fablica en el Palacio de La Moneda sobre la decisi\u00f3n de la Corte<\/p>\n","protected":false},"author":1,"featured_media":0,"comment_status":"open","ping_status":"open","sticky":false,"template":"","format":"standard","meta":{"footnotes":""},"categories":[7],"tags":[],"_links":{"self":[{"href":"https:\/\/www.ecuadoraldia.com.ec\/index.php?rest_route=\/wp\/v2\/posts\/10537"}],"collection":[{"href":"https:\/\/www.ecuadoraldia.com.ec\/index.php?rest_route=\/wp\/v2\/posts"}],"about":[{"href":"https:\/\/www.ecuadoraldia.com.ec\/index.php?rest_route=\/wp\/v2\/types\/post"}],"author":[{"embeddable":true,"href":"https:\/\/www.ecuadoraldia.com.ec\/index.php?rest_route=\/wp\/v2\/users\/1"}],"replies":[{"embeddable":true,"href":"https:\/\/www.ecuadoraldia.com.ec\/index.php?rest_route=%2Fwp%2Fv2%2Fcomments&post=10537"}],"version-history":[{"count":1,"href":"https:\/\/www.ecuadoraldia.com.ec\/index.php?rest_route=\/wp\/v2\/posts\/10537\/revisions"}],"predecessor-version":[{"id":10539,"href":"https:\/\/www.ecuadoraldia.com.ec\/index.php?rest_route=\/wp\/v2\/posts\/10537\/revisions\/10539"}],"wp:attachment":[{"href":"https:\/\/www.ecuadoraldia.com.ec\/index.php?rest_route=%2Fwp%2Fv2%2Fmedia&parent=10537"}],"wp:term":[{"taxonomy":"category","embeddable":true,"href":"https:\/\/www.ecuadoraldia.com.ec\/index.php?rest_route=%2Fwp%2Fv2%2Fcategories&post=10537"},{"taxonomy":"post_tag","embeddable":true,"href":"https:\/\/www.ecuadoraldia.com.ec\/index.php?rest_route=%2Fwp%2Fv2%2Ftags&post=10537"}],"curies":[{"name":"wp","href":"https:\/\/api.w.org\/{rel}","templated":true}]}}