{"id":10540,"date":"2015-09-26T19:41:29","date_gmt":"2015-09-26T19:41:29","guid":{"rendered":"http:\/\/www.ecuadoraldia.com.ec\/?p=10540"},"modified":"2015-09-26T19:41:29","modified_gmt":"2015-09-26T19:41:29","slug":"correa-viaja-a-nueva-york-para-participar-en-asamblea-de-la-onu","status":"publish","type":"post","link":"https:\/\/www.ecuadoraldia.com.ec\/?p=10540","title":{"rendered":"\u00a0Correa viaja a Nueva York para participar en Asamblea de la ONU"},"content":{"rendered":"<p style=\"text-align: justify;\"><a href=\"http:\/\/www.ecuadoraldia.com.ec\/wp-content\/uploads\/2015\/09\/correa_aeropuerto_.jpg\"><img loading=\"lazy\" decoding=\"async\" class=\"alignleft size-medium wp-image-10541\" src=\"http:\/\/www.ecuadoraldia.com.ec\/wp-content\/uploads\/2015\/09\/correa_aeropuerto_-300x187.jpg\" alt=\"correa_aeropuerto_\" width=\"300\" height=\"187\" srcset=\"https:\/\/www.ecuadoraldia.com.ec\/wp-content\/uploads\/2015\/09\/correa_aeropuerto_-300x187.jpg 300w, https:\/\/www.ecuadoraldia.com.ec\/wp-content\/uploads\/2015\/09\/correa_aeropuerto_.jpg 625w\" sizes=\"(max-width: 300px) 100vw, 300px\" \/><\/a>El presidente de la Rep\u00fablica, Rafael Correa, parti\u00f3 esta ma\u00f1ana rumbo a Nueva York, en Estado Unidos, para participar en la septuag\u00e9sima Asamblea General de la Organizaci\u00f3n de las Naciones Unidas (ONU), encuentros de cara a la Cumbre del Clima de diciembre en Par\u00eds, y reuniones bilaterales con Rusia, China, Catar y Bielorrusia.<\/p>\n<p style=\"text-align: justify;\">\u201cEs la septuag\u00e9sima Asamblea General de las Naciones Unidas, puede ser la m\u00e1s importante de la historia y servir\u00e1 para preparar la cumbre del ambiente en diciembre, en Par\u00eds, que puede cambiar la historia de la humanidad\u201d, se\u00f1al\u00f3 el primer mandatario en su programa semanal de rendici\u00f3n de cuentas, Enlace Ciudadano 440, realizado en Quito, el pasado 5 de septiembre.<\/p>\n<p style=\"text-align: justify;\">La Conferencia de las Partes de la Convenci\u00f3n Marco de Naciones Unidas sobre el Cambio Clim\u00e1tico de 2015, conocida como COP21\/CMP11 o Cumbre del Clima, se realizar\u00e1 del 30 de noviembre al 11 de diciembre en la capital francesa y \u00abser\u00e1 una cumbre hist\u00f3rica: si se logran acuerdos vinculantes cambiar\u00e1 la historia de la humanidad; si no se logra, la humanidad estar\u00e1 en graves problemas\u00bb, afirm\u00f3 Correa.<\/p>\n","protected":false},"excerpt":{"rendered":"<p>El presidente de la Rep\u00fablica, Rafael Correa, parti\u00f3 esta ma\u00f1ana rumbo a Nueva York, en Estado Unidos, para participar en<\/p>\n","protected":false},"author":1,"featured_media":0,"comment_status":"open","ping_status":"open","sticky":false,"template":"","format":"standard","meta":{"footnotes":""},"categories":[1],"tags":[],"_links":{"self":[{"href":"https:\/\/www.ecuadoraldia.com.ec\/index.php?rest_route=\/wp\/v2\/posts\/10540"}],"collection":[{"href":"https:\/\/www.ecuadoraldia.com.ec\/index.php?rest_route=\/wp\/v2\/posts"}],"about":[{"href":"https:\/\/www.ecuadoraldia.com.ec\/index.php?rest_route=\/wp\/v2\/types\/post"}],"author":[{"embeddable":true,"href":"https:\/\/www.ecuadoraldia.com.ec\/index.php?rest_route=\/wp\/v2\/users\/1"}],"replies":[{"embeddable":true,"href":"https:\/\/www.ecuadoraldia.com.ec\/index.php?rest_route=%2Fwp%2Fv2%2Fcomments&post=10540"}],"version-history":[{"count":1,"href":"https:\/\/www.ecuadoraldia.com.ec\/index.php?rest_route=\/wp\/v2\/posts\/10540\/revisions"}],"predecessor-version":[{"id":10542,"href":"https:\/\/www.ecuadoraldia.com.ec\/index.php?rest_route=\/wp\/v2\/posts\/10540\/revisions\/10542"}],"wp:attachment":[{"href":"https:\/\/www.ecuadoraldia.com.ec\/index.php?rest_route=%2Fwp%2Fv2%2Fmedia&parent=10540"}],"wp:term":[{"taxonomy":"category","embeddable":true,"href":"https:\/\/www.ecuadoraldia.com.ec\/index.php?rest_route=%2Fwp%2Fv2%2Fcategories&post=10540"},{"taxonomy":"post_tag","embeddable":true,"href":"https:\/\/www.ecuadoraldia.com.ec\/index.php?rest_route=%2Fwp%2Fv2%2Ftags&post=10540"}],"curies":[{"name":"wp","href":"https:\/\/api.w.org\/{rel}","templated":true}]}}