{"id":10543,"date":"2015-09-27T17:19:20","date_gmt":"2015-09-27T17:19:20","guid":{"rendered":"http:\/\/www.ecuadoraldia.com.ec\/?p=10543"},"modified":"2015-09-27T17:19:47","modified_gmt":"2015-09-27T17:19:47","slug":"ecuador-cumplira-las-21-metas-de-los-objetivos-del-milenio","status":"publish","type":"post","link":"https:\/\/www.ecuadoraldia.com.ec\/?p=10543","title":{"rendered":"Ecuador cumplir\u00e1 las 21 metas de los Objetivos del Milenio"},"content":{"rendered":"<p style=\"text-align: justify;\"><a href=\"http:\/\/www.ecuadoraldia.com.ec\/wp-content\/uploads\/2015\/09\/Correa-Sesion_onu.jpg\"><img loading=\"lazy\" decoding=\"async\" class=\"alignleft size-medium wp-image-10544\" src=\"http:\/\/www.ecuadoraldia.com.ec\/wp-content\/uploads\/2015\/09\/Correa-Sesion_onu-300x156.jpg\" alt=\"Correa-Sesion_onu\" width=\"300\" height=\"156\" srcset=\"https:\/\/www.ecuadoraldia.com.ec\/wp-content\/uploads\/2015\/09\/Correa-Sesion_onu-300x156.jpg 300w, https:\/\/www.ecuadoraldia.com.ec\/wp-content\/uploads\/2015\/09\/Correa-Sesion_onu.jpg 370w\" sizes=\"(max-width: 300px) 100vw, 300px\" \/><\/a>El presidente de Ecuador, Rafael Correa, inform\u00f3 en la Asamblea General de la ONU que su pa\u00eds ha cumplido con 20 de las 21 metas que impusieron los 8 Objetivos del Milenio (ODM). Solo falt\u00f3 reducir la mortalidad materno infantil, pero espera que ese fin se alcance este mismo a\u00f1o.<\/p>\n<p style=\"text-align: justify;\">Pese al \u00e9xito del pa\u00eds, Correa cuestion\u00f3 que los ODM impusieran una l\u00f3gica de m\u00ednimos que realmente no combat\u00edan la desigualdad mundial.<\/p>\n<p style=\"text-align: justify;\">\u00abLos ODM fueron adecuados para satisfacer conciencias, pero limitados para generar un verdadero cambio social\u00bb, se\u00f1al\u00f3.<\/p>\n<p style=\"text-align: justify;\">Por eso dijo que ahora el planeta debe enfocarse en combatir el cambio clim\u00e1tico. \u00abSe deben construir alternativas al desarrollo, sociedades con mercado no sociedades de mercado\u00bb, concluy\u00f3.<\/p>\n<p style=\"text-align: justify;\">Mandatario ecuatoriano dirigi\u00f3 sesi\u00f3n por 30 minutos<\/p>\n<p style=\"text-align: justify;\">Rafael Correa dirigi\u00f3 por 30 minutos la sesi\u00f3n de la Cumbre de Desarrollo Sostenible que tiene lugar en la sede de la ONU en Nueva York.<\/p>\n<p><iframe loading=\"lazy\" width=\"800\" height=\"450\" src=\"https:\/\/www.youtube.com\/embed\/xY1knmB815Q?feature=oembed\" frameborder=\"0\" allowfullscreen><\/iframe><\/p>\n<p style=\"text-align: justify;\">El gobernante ecuatoriano recibi\u00f3 este encargo del propio Ban Ki-moon, secretario general de las Naciones Unidas.<\/p>\n<p style=\"text-align: justify;\">En su intervenci\u00f3n, Correa concedi\u00f3 la palabra a los mandatarios de Tayikist\u00e1n, Bulgaria, Sud\u00e1frica y Kazajst\u00e1n. (El telegrafo)<\/p>\n","protected":false},"excerpt":{"rendered":"<p>El presidente de Ecuador, Rafael Correa, inform\u00f3 en la Asamblea General de la ONU que su pa\u00eds ha cumplido con<\/p>\n","protected":false},"author":1,"featured_media":0,"comment_status":"open","ping_status":"open","sticky":false,"template":"","format":"standard","meta":{"footnotes":""},"categories":[1],"tags":[],"_links":{"self":[{"href":"https:\/\/www.ecuadoraldia.com.ec\/index.php?rest_route=\/wp\/v2\/posts\/10543"}],"collection":[{"href":"https:\/\/www.ecuadoraldia.com.ec\/index.php?rest_route=\/wp\/v2\/posts"}],"about":[{"href":"https:\/\/www.ecuadoraldia.com.ec\/index.php?rest_route=\/wp\/v2\/types\/post"}],"author":[{"embeddable":true,"href":"https:\/\/www.ecuadoraldia.com.ec\/index.php?rest_route=\/wp\/v2\/users\/1"}],"replies":[{"embeddable":true,"href":"https:\/\/www.ecuadoraldia.com.ec\/index.php?rest_route=%2Fwp%2Fv2%2Fcomments&post=10543"}],"version-history":[{"count":2,"href":"https:\/\/www.ecuadoraldia.com.ec\/index.php?rest_route=\/wp\/v2\/posts\/10543\/revisions"}],"predecessor-version":[{"id":10546,"href":"https:\/\/www.ecuadoraldia.com.ec\/index.php?rest_route=\/wp\/v2\/posts\/10543\/revisions\/10546"}],"wp:attachment":[{"href":"https:\/\/www.ecuadoraldia.com.ec\/index.php?rest_route=%2Fwp%2Fv2%2Fmedia&parent=10543"}],"wp:term":[{"taxonomy":"category","embeddable":true,"href":"https:\/\/www.ecuadoraldia.com.ec\/index.php?rest_route=%2Fwp%2Fv2%2Fcategories&post=10543"},{"taxonomy":"post_tag","embeddable":true,"href":"https:\/\/www.ecuadoraldia.com.ec\/index.php?rest_route=%2Fwp%2Fv2%2Ftags&post=10543"}],"curies":[{"name":"wp","href":"https:\/\/api.w.org\/{rel}","templated":true}]}}