{"id":10547,"date":"2015-09-27T17:29:46","date_gmt":"2015-09-27T17:29:46","guid":{"rendered":"http:\/\/www.ecuadoraldia.com.ec\/?p=10547"},"modified":"2015-09-27T17:36:05","modified_gmt":"2015-09-27T17:36:05","slug":"masiva-participacion-de-sufragantes-en-consulta-popular-en-la-manga-del-cura","status":"publish","type":"post","link":"https:\/\/www.ecuadoraldia.com.ec\/?p=10547","title":{"rendered":"Habitantes de  La Manga del Cura definen su pertenencia"},"content":{"rendered":"<p style=\"text-align: justify;\"><a href=\"http:\/\/www.ecuadoraldia.com.ec\/wp-content\/uploads\/2015\/09\/27-09-2015-Manga-del-Cura-.jpg\"><img loading=\"lazy\" decoding=\"async\" class=\"alignleft size-medium wp-image-10549\" src=\"http:\/\/www.ecuadoraldia.com.ec\/wp-content\/uploads\/2015\/09\/27-09-2015-Manga-del-Cura--300x219.jpg\" alt=\"27-09-2015-Manga-del-Cura-\" width=\"300\" height=\"219\" srcset=\"https:\/\/www.ecuadoraldia.com.ec\/wp-content\/uploads\/2015\/09\/27-09-2015-Manga-del-Cura--300x219.jpg 300w, https:\/\/www.ecuadoraldia.com.ec\/wp-content\/uploads\/2015\/09\/27-09-2015-Manga-del-Cura-.jpg 364w\" sizes=\"(max-width: 300px) 100vw, 300px\" \/><\/a>La convocatoria a la consulta popular en La Manga del Cura convoc\u00f3 a cientos de votantes de recintos y comunidades de este sector no delimitado, para definir la pertenencia de este sitio.<\/p>\n<p style=\"text-align: justify;\">Seg\u00fan el presidente del CNE, Juan Pablo Pozo, hasta las 07:00 en que inici\u00f3 el proceso el 81% de las juntas receptoras del voto estaban instaladas con sus vocales. Pero a las 7:30 todos los recintos ya estaban en pleno funcionamiento. Destac\u00f3, adem\u00e1s, la entrega oportuna del material electoral a los 5 recintos electorales desde el s\u00e1bado por la tarde por parte de elementos de las Fuerzas Armadas<\/p>\n<p style=\"text-align: justify;\">Los votantes en general coincidieron en que sea cual fuere la postura ganadora, lo que les interesa es que a La Manga del Cura por fin lleguen los servicios b\u00e1sicos que tanto requieren<\/p>\n<p style=\"text-align: justify;\">En el recinto electoral del colegio fiscal La Guayas, desde las 07:30, ya se hab\u00eda formado extensas columnas de votantes. Tal era el entusiasmo que a algunos ni siquiera les import\u00f3 el fuerte sol que empez\u00f3 a caer desde las 08:00.<\/p>\n<p style=\"text-align: justify;\">\u00abA esta comunidad le falta muchas cosas como el agua y un hospital o centro de salud, ya que las personas que se enferman deben ser llevadas a El Carmen (Manab\u00ed) que est\u00e1 a casi 2 horas\u00bb dijo Mar\u00eda Rosado, moradora de Santa Mar\u00eda desde hace 17 a\u00f1os.<\/p>\n<p style=\"text-align: justify;\">En cambio Sifrido Cevallos manifest\u00f3 que lo que m\u00e1s necesitan son caminos vecinales para sacar sus productos m\u00e1s r\u00e1pido. Aunque no ocult\u00f3 su deseo de que luego de la consulta todos los problemas sean atendidos y no sea solo por la campa\u00f1a que emprendieron los 2 prefectos (Guayas y Manab\u00ed).<\/p>\n<p style=\"text-align: justify;\">Hasta la localidad han llegado 618 polic\u00edas que estar\u00e1n custodiando la paz en la jornada, sobre todo en los recintos electorales.<\/p>\n<p style=\"text-align: justify;\">El ministro del Interior, Jos\u00e9 Serrano, destac\u00f3 que hasta el momento la consulta se desarrolla con total normalidad y en paz.<\/p>\n<p style=\"text-align: justify;\">DATOS SOBRE LA MANGA DEL CURA<\/p>\n<p style=\"text-align: justify;\">La manga del \u00abCURA\u00bb. Es una zona no delimitada entre las provincias de Manab\u00ed y Guayas, en donde se asientan alrededor de 200 comunidades. Las m\u00e1s pobladas son: Para\u00edso &#8211; la 14, Santa Mar\u00eda y Santa Teresa. Su poblaci\u00f3n aproximada es de m\u00e1s de 50 mil habitantes.<\/p>\n<p style=\"text-align: justify;\">El sector de La Manga del Cura es una zona del pa\u00eds conformada por una meseta que divide las aguas que caen al r\u00edo Peripa y posterior al r\u00edo Daule, tiene una superficie de 487 km\u00b2 y limita: Al Norte, con la provincia de Santo Domingo de los Ts\u00e1chilas y el cant\u00f3n El Carmen de la provincia de Manab\u00ed; al Sur, con el cant\u00f3n El Empalme, provincia del Guayas; al Este, con la provincia de Los R\u00edos, y; al Oeste, con los cantones de El Carmen, Chone y Pichincha, de la provincia de Manab\u00ed.<\/p>\n<p style=\"text-align: justify;\">Debe su nombre al p\u00e1rroco de Calceta, padre Luis Mar\u00eda Pinto, que la llam\u00f3 originalmente \u00abDon Bosco\u00bb. En 1928, el padre Luis Mar\u00eda Pinto abre a puro machete una trocha (manga), desde Calceta \u00abal empate\u00bb hasta un f\u00e9rtil valle de 1.000 kil\u00f3metros cuadrados ubicado entre Manab\u00ed, Guayas, Pichincha y Los R\u00edos; junto al religioso van los primeros moradores. Se considera que existen 139 comunidades en la actualidad.<\/p>\n<p style=\"text-align: justify;\">Manga: En las zonas andinas americanas se denomina al espacio comprendido entre dos palanqueras o estacadas, que van convergiendo hasta la entrada de un corral en las estancias, o hasta un embarcadero en las costas; por extensi\u00f3n y como ecuatorianismo deriva en \u00abcamino\u00bb o \u00abtrocha\u00bb, informa el Consejo Nacional Electoral (CNE) en su p\u00e1gina web.<\/p>\n<p style=\"text-align: justify;\"><strong>El misterio empieza en el nombre: la trocha, la manga, trazada por un cura ge\u00f3grafo, Luis Mar\u00eda Pinto, p\u00e1rroco de Calceta (Manab\u00ed), en la d\u00e9cada de los 50 del siglo pasado, para llegar en menor tiempo a la provincia de Pichincha.<\/strong><\/p>\n<p style=\"text-align: justify;\">Ahora la Manga, la trocha, se encierra en los l\u00edmites del agua. Una paradoja: el agua es vida, pero bajo el poder del capital, se convierte en marginaci\u00f3n y pobreza.<\/p>\n<p style=\"text-align: justify;\">La Represa de Poza Honda nace al calor de los sue\u00f1os modernizadores de los 80, como la obra principal del proyecto multiprop\u00f3sito Jaime Rold\u00f3s. Ya no se trataba de una zona agr\u00edcola, de uni\u00f3n de la Costa y la Sierra, se transform\u00f3 en la promesa del milagro del desarrollo para el pa\u00eds. Un embalse para recoger las aguas del sistema Daule-Peripa, para trasladarlas hacia Guayaquil y La Pen\u00ednsula, agua para la electricidad y el riego. En donde muchos se empobrecen, unos pocos se enriquecen. La historia del capital es la historia del despojo de las mayor\u00edas.<\/p>\n","protected":false},"excerpt":{"rendered":"<p>La convocatoria a la consulta popular en La Manga del Cura convoc\u00f3 a cientos de votantes de recintos y comunidades<\/p>\n","protected":false},"author":1,"featured_media":0,"comment_status":"open","ping_status":"open","sticky":false,"template":"","format":"standard","meta":{"footnotes":""},"categories":[3],"tags":[],"_links":{"self":[{"href":"https:\/\/www.ecuadoraldia.com.ec\/index.php?rest_route=\/wp\/v2\/posts\/10547"}],"collection":[{"href":"https:\/\/www.ecuadoraldia.com.ec\/index.php?rest_route=\/wp\/v2\/posts"}],"about":[{"href":"https:\/\/www.ecuadoraldia.com.ec\/index.php?rest_route=\/wp\/v2\/types\/post"}],"author":[{"embeddable":true,"href":"https:\/\/www.ecuadoraldia.com.ec\/index.php?rest_route=\/wp\/v2\/users\/1"}],"replies":[{"embeddable":true,"href":"https:\/\/www.ecuadoraldia.com.ec\/index.php?rest_route=%2Fwp%2Fv2%2Fcomments&post=10547"}],"version-history":[{"count":4,"href":"https:\/\/www.ecuadoraldia.com.ec\/index.php?rest_route=\/wp\/v2\/posts\/10547\/revisions"}],"predecessor-version":[{"id":10552,"href":"https:\/\/www.ecuadoraldia.com.ec\/index.php?rest_route=\/wp\/v2\/posts\/10547\/revisions\/10552"}],"wp:attachment":[{"href":"https:\/\/www.ecuadoraldia.com.ec\/index.php?rest_route=%2Fwp%2Fv2%2Fmedia&parent=10547"}],"wp:term":[{"taxonomy":"category","embeddable":true,"href":"https:\/\/www.ecuadoraldia.com.ec\/index.php?rest_route=%2Fwp%2Fv2%2Fcategories&post=10547"},{"taxonomy":"post_tag","embeddable":true,"href":"https:\/\/www.ecuadoraldia.com.ec\/index.php?rest_route=%2Fwp%2Fv2%2Ftags&post=10547"}],"curies":[{"name":"wp","href":"https:\/\/api.w.org\/{rel}","templated":true}]}}