{"id":10553,"date":"2015-09-27T17:45:35","date_gmt":"2015-09-27T17:45:35","guid":{"rendered":"http:\/\/www.ecuadoraldia.com.ec\/?p=10553"},"modified":"2015-09-27T17:45:35","modified_gmt":"2015-09-27T17:45:35","slug":"daniela-mora-nueva-voz-orense","status":"publish","type":"post","link":"https:\/\/www.ecuadoraldia.com.ec\/?p=10553","title":{"rendered":"Daniela Mora, nueva voz orense"},"content":{"rendered":"<p style=\"text-align: justify;\"><a href=\"http:\/\/www.ecuadoraldia.com.ec\/wp-content\/uploads\/2015\/09\/daniela-mora.jpg\"><img loading=\"lazy\" decoding=\"async\" class=\"alignleft size-medium wp-image-10554\" src=\"http:\/\/www.ecuadoraldia.com.ec\/wp-content\/uploads\/2015\/09\/daniela-mora-255x300.jpg\" alt=\"daniela-mora\" width=\"255\" height=\"300\" \/><\/a>\u2018Dime\u2019 es la canci\u00f3n con la que inicia su carrera, luego de prepararse durante dos a\u00f1os de formaci\u00f3n en Borkis Entertainment.<\/p>\n<p style=\"text-align: justify;\">Se trata de una balada pop, escrita y compuesta por Jonathan Luna, que cuenta con los teclados de Brian Torres, quien es tambi\u00e9n el productor del \u2018track\u2019; los solos de guitarra de Marcel Jaramillo; el bajo de Leandro Torres y la bater\u00eda que toca Pedro Mosquera.<\/p>\n<p style=\"text-align: justify;\">\u201cEl contenido l\u00edrico de la canci\u00f3n \u2018Dime\u2019 tiene que ver con las explicaciones que pide una chica que a\u00fan no puede asimilar una ruptura sentimental, cuando la relaci\u00f3n aparentemente estaba bien. Es m\u00e1s, la chica ni siquiera sabe en qu\u00e9 momento su pareja dej\u00f3 de interesarse por ella. Eso se refleja en estribillos como \u2018dime cu\u00e1ndo fue que se acab\u00f3 esto\/ dime cu\u00e1ndo fue que muri\u00f3 tu cari\u00f1o\u2019 o \u2018o \u2018dime c\u00f3mo hago para no sentirte\/ dime c\u00f3mo olvidar todo lo vivido\/ dime c\u00f3mo logras hacerlo conmigo&#8230;\u201d, explica la cantante que naci\u00f3 hace 21 a\u00f1os en Machala, pero reside en el Puerto Principal desde hace cuatro, cuando empez\u00f3 a estudiar Marketing en la Universidad de Guayaquil.<\/p>\n<p style=\"text-align: justify;\">Daniela, quien tambi\u00e9n tiene como referentes a los espa\u00f1oles La Oreja de Van Gogh y Pablo Albor\u00e1n, empez\u00f3 a los 13 a\u00f1os interpretando canciones de los mexicanos RBD y en noviembre del a\u00f1o pasado inici\u00f3 formalmente su carrera cuando se contact\u00f3 con Jonathan Luna a trav\u00e9s del chat de Facebook.<\/p>\n<p style=\"text-align: justify;\">Coordinaron una cita de trabajo, que se convirti\u00f3 en varias charlas a lo largo de entre 4 y 5 meses. \u201cA Jonathan (Luna) le cont\u00e9 muchas cosas de m\u00ed para concebir las canciones. Cuando Jonathan escribi\u00f3 \u2018Dime\u2019 qued\u00e9 satisfecha porque de inmediato me identifiqu\u00e9 mucho con su historia y eso me permite vivirla cuando la canto. Para m\u00ed es muy importante transmitir eso a las personas que escuchan la canci\u00f3n, sea por radio o en vivo\u201d, sostiene la artista orense, quien sol\u00eda dormirse de ni\u00f1a mientras escuchaba las canciones de Julio Jaramillo, seg\u00fan cuenta su madre. \u2018Dime\u2019, que tambi\u00e9n se form\u00f3 en la Casa de la Cultura de Machala, fue escrita durante un fin de semana de abril y tard\u00f3 un par de meses en producirse en Luna Music.<\/p>\n<p style=\"text-align: justify;\">Daniela Mora, quien tiene un rango vocal de mezzosoprano, est\u00e1 preparando el videoclip para la canci\u00f3n \u2018Dime\u2019, que incluir\u00e1 unas escenas tipo \u2018flash backs\u2019 para recrear el romance que plantea la canci\u00f3n y que se intercalar\u00e1n con otras im\u00e1genes de ella cantando.<\/p>\n<p><iframe loading=\"lazy\" width=\"800\" height=\"450\" src=\"https:\/\/www.youtube.com\/embed\/Fgz14UcaV0Q?feature=oembed\" frameborder=\"0\" allowfullscreen><\/iframe><\/p>\n","protected":false},"excerpt":{"rendered":"<p>\u2018Dime\u2019 es la canci\u00f3n con la que inicia su carrera, luego de prepararse durante dos a\u00f1os de formaci\u00f3n en Borkis<\/p>\n","protected":false},"author":1,"featured_media":0,"comment_status":"open","ping_status":"open","sticky":false,"template":"","format":"standard","meta":{"footnotes":""},"categories":[1],"tags":[],"_links":{"self":[{"href":"https:\/\/www.ecuadoraldia.com.ec\/index.php?rest_route=\/wp\/v2\/posts\/10553"}],"collection":[{"href":"https:\/\/www.ecuadoraldia.com.ec\/index.php?rest_route=\/wp\/v2\/posts"}],"about":[{"href":"https:\/\/www.ecuadoraldia.com.ec\/index.php?rest_route=\/wp\/v2\/types\/post"}],"author":[{"embeddable":true,"href":"https:\/\/www.ecuadoraldia.com.ec\/index.php?rest_route=\/wp\/v2\/users\/1"}],"replies":[{"embeddable":true,"href":"https:\/\/www.ecuadoraldia.com.ec\/index.php?rest_route=%2Fwp%2Fv2%2Fcomments&post=10553"}],"version-history":[{"count":1,"href":"https:\/\/www.ecuadoraldia.com.ec\/index.php?rest_route=\/wp\/v2\/posts\/10553\/revisions"}],"predecessor-version":[{"id":10555,"href":"https:\/\/www.ecuadoraldia.com.ec\/index.php?rest_route=\/wp\/v2\/posts\/10553\/revisions\/10555"}],"wp:attachment":[{"href":"https:\/\/www.ecuadoraldia.com.ec\/index.php?rest_route=%2Fwp%2Fv2%2Fmedia&parent=10553"}],"wp:term":[{"taxonomy":"category","embeddable":true,"href":"https:\/\/www.ecuadoraldia.com.ec\/index.php?rest_route=%2Fwp%2Fv2%2Fcategories&post=10553"},{"taxonomy":"post_tag","embeddable":true,"href":"https:\/\/www.ecuadoraldia.com.ec\/index.php?rest_route=%2Fwp%2Fv2%2Ftags&post=10553"}],"curies":[{"name":"wp","href":"https:\/\/api.w.org\/{rel}","templated":true}]}}