{"id":10560,"date":"2015-09-28T23:52:18","date_gmt":"2015-09-28T23:52:18","guid":{"rendered":"http:\/\/www.ecuadoraldia.com.ec\/?p=10560"},"modified":"2015-09-28T23:52:18","modified_gmt":"2015-09-28T23:52:18","slug":"elap-centre-el-debate-sobre-justicia-social","status":"publish","type":"post","link":"https:\/\/www.ecuadoraldia.com.ec\/?p=10560","title":{"rendered":"ELAP centre el debate sobre justicia social"},"content":{"rendered":"<p style=\"text-align: justify;\"><a href=\"http:\/\/www.ecuadoraldia.com.ec\/wp-content\/uploads\/2015\/09\/elap-2015-II.jpg\"><img loading=\"lazy\" decoding=\"async\" class=\"alignleft size-medium wp-image-10561\" src=\"http:\/\/www.ecuadoraldia.com.ec\/wp-content\/uploads\/2015\/09\/elap-2015-II-300x192.jpg\" alt=\"elap 2015 II\" width=\"300\" height=\"192\" srcset=\"https:\/\/www.ecuadoraldia.com.ec\/wp-content\/uploads\/2015\/09\/elap-2015-II-300x192.jpg 300w, https:\/\/www.ecuadoraldia.com.ec\/wp-content\/uploads\/2015\/09\/elap-2015-II.jpg 384w\" sizes=\"(max-width: 300px) 100vw, 300px\" \/><\/a>En el teatro Demetrio Aguilera Malta de la Casa de la Cultura de Quito se llev\u00f3 a cabo un debate bajo el t\u00edtulo \u00abAm\u00e9rica Latina la lucha por la memoria, la verdad y la justicia\u00bb que forma parte de las mesas redondas preparadas para el Encuentro Latinoamericano Progresista (ELAP 2015).<\/p>\n<p style=\"text-align: justify;\">El acto cont\u00f3 con exponentes de alto nivel, de la talla de la argentina Estela de Carlotto, presidenta de la Asociaci\u00f3n abuelas de la Plaza de Mayo; Galo Chiriboga, fiscal general del estado, Pedro Restrepo, activista colombiano de Derechos Humanos.<\/p>\n<p style=\"text-align: justify;\">Cada exponente tuvo 15 minutos para presentar su ponencia moderada por el periodista Rodolfo Mu\u00f1oz. Ese tiempo result\u00f3 corto para Carlotto y Restrepo, quienes expresaron su urgencia de mantener la lucha por el respeto a los Derechos Humanos.<\/p>\n<p style=\"text-align: justify;\">La activista argentina record\u00f3 toda lucha, el sufrimiento, el maltrato y las agresiones que soport\u00f3 de la fuerza p\u00fablica en su pa\u00eds cuando se autoconvocaba en la Plaza de mayo.<\/p>\n<p style=\"text-align: justify;\">\u00abSent\u00ed muchas fuerzas cuando la gente dec\u00eda a la polic\u00eda no saben con qui\u00e9n se han metido (refieri\u00e9ndose a m\u00ed) porque una madre por encontrar a sus seres queridos no pierde las ganas de luchar\u00bb, evoc\u00f3.<\/p>\n<p style=\"text-align: justify;\">Esa misma tenacidad la tuvo Pedro Restrepo, quien resumi\u00f3 los acontecimientos principales que vivi\u00f3 durante la b\u00fasqueda de sus hijos Pedro y Andr\u00e9s Restrepo Arismendi; sobre cuando descubrieron que la polic\u00eda, durante el r\u00e9gimen de Le\u00f3n Febres Cordero, trat\u00f3 de ocultar evidencias que los implicaba en un secuestro y desaparici\u00f3n forzada.<\/p>\n<p style=\"text-align: justify;\">\u00abNueve presidentes ignoraron nuestro caso, pero el actual si lo abord\u00f3 y se ha interesado en encontrar la verdad\u00bb, reiter\u00f3.<\/p>\n<p style=\"text-align: justify;\">El informe de la Comisi\u00f3n de la Verdad detalla los pormenores de 112 casos de violaci\u00f3n de derechos humanos y lesa humanidad. Dentro de ellos est\u00e1 el caso de los Restrepo.<\/p>\n<p style=\"text-align: justify;\">El fiscal general Galo Chiriboga se\u00f1al\u00f3 que con este documento inici\u00f3 una etapa para descubrir estos delitos que han quedado impunes por m\u00e1s de 20 a\u00f1os.<\/p>\n<p style=\"text-align: justify;\">Chiriboga explic\u00f3 que no s\u00f3lo se inici\u00f3 la investigaci\u00f3n en el caso Restrepo, sino que adem\u00e1s se han judicializado algunos procesos como el caso &#8216;Fybeca&#8217; (hoy conocido como el caso Gonz\u00e1lez y otros), a trav\u00e9s de los cuales adem\u00e1s de juzgar a los polic\u00edas implicados en el operativo ejecutado en una farmacia de Guayaquil, tambi\u00e9n se pidi\u00f3 a los Estados Unidos la extradici\u00f3n de autoridades policiales de aquella \u00e9poca para que continue su proceso de juzgamiento.<\/p>\n<p style=\"text-align: justify;\">\u00abExigimos una extradici\u00f3n de estos polic\u00edas porque son pr\u00f3fugos de la ley\u00bb, reiter\u00f3 Chiriboga, tras se\u00f1alar que, a pesar de estas iniciativas, el Estado ecuatoriano todav\u00eda tiene una tarea pendiente para reparar a las v\u00edctimas.<\/p>\n<p style=\"text-align: justify;\">Simult\u00e1neamente en el Teatro Prometeo de la misma Casa de la Cultura se desarroll\u00f3 la mesa redonda denominada \u00abEl proceso de paz en Colombia, retos y compromisos\u00bb.<\/p>\n<p style=\"text-align: justify;\">Entre los exponentes estuvieron Piedad C\u00f3rdoba, lider de poder ciudadano y activista por los Derechos Humanos en Colombia, e Iv\u00e1n Sepeda, senador de ese pa\u00eds, entre otros.<\/p>\n<p style=\"text-align: justify;\">La moderaci\u00f3n de la ponencia se encuentra a cargo de Fernando Cordero, ministro de Defensa. (I) (El Tel\u00e9grafo)<\/p>\n","protected":false},"excerpt":{"rendered":"<p>En el teatro Demetrio Aguilera Malta de la Casa de la Cultura de Quito se llev\u00f3 a cabo un debate<\/p>\n","protected":false},"author":1,"featured_media":0,"comment_status":"open","ping_status":"open","sticky":false,"template":"","format":"standard","meta":{"footnotes":""},"categories":[3],"tags":[],"_links":{"self":[{"href":"https:\/\/www.ecuadoraldia.com.ec\/index.php?rest_route=\/wp\/v2\/posts\/10560"}],"collection":[{"href":"https:\/\/www.ecuadoraldia.com.ec\/index.php?rest_route=\/wp\/v2\/posts"}],"about":[{"href":"https:\/\/www.ecuadoraldia.com.ec\/index.php?rest_route=\/wp\/v2\/types\/post"}],"author":[{"embeddable":true,"href":"https:\/\/www.ecuadoraldia.com.ec\/index.php?rest_route=\/wp\/v2\/users\/1"}],"replies":[{"embeddable":true,"href":"https:\/\/www.ecuadoraldia.com.ec\/index.php?rest_route=%2Fwp%2Fv2%2Fcomments&post=10560"}],"version-history":[{"count":1,"href":"https:\/\/www.ecuadoraldia.com.ec\/index.php?rest_route=\/wp\/v2\/posts\/10560\/revisions"}],"predecessor-version":[{"id":10562,"href":"https:\/\/www.ecuadoraldia.com.ec\/index.php?rest_route=\/wp\/v2\/posts\/10560\/revisions\/10562"}],"wp:attachment":[{"href":"https:\/\/www.ecuadoraldia.com.ec\/index.php?rest_route=%2Fwp%2Fv2%2Fmedia&parent=10560"}],"wp:term":[{"taxonomy":"category","embeddable":true,"href":"https:\/\/www.ecuadoraldia.com.ec\/index.php?rest_route=%2Fwp%2Fv2%2Fcategories&post=10560"},{"taxonomy":"post_tag","embeddable":true,"href":"https:\/\/www.ecuadoraldia.com.ec\/index.php?rest_route=%2Fwp%2Fv2%2Ftags&post=10560"}],"curies":[{"name":"wp","href":"https:\/\/api.w.org\/{rel}","templated":true}]}}